{"id":9398,"date":"2024-09-18T14:11:46","date_gmt":"2024-09-18T19:11:46","guid":{"rendered":"https:\/\/luisvaltierranoticias.com\/?p=9398"},"modified":"2024-09-18T14:11:49","modified_gmt":"2024-09-18T19:11:49","slug":"anuncia-gobierno-municipal-tercera-feria-del-empleo-2024","status":"publish","type":"post","link":"https:\/\/luisvaltierranoticias.com\/?p=9398","title":{"rendered":"ANUNCIA GOBIERNO MUNICIPAL TERCERA FERIA DEL EMPLEO 2024"},"content":{"rendered":"\n<p>Por: Staff | #NuevoLaredo #Laredo #NLD #Tamaulipas<\/p>\n\n\n\n<p>El Gobierno Municipal llevar\u00e1 a cabo la tercera \u201cFeria del Empleo 2024\u201d, el pr\u00f3ximo 25 de septiembre, para todos aquellos ciudadanos que est\u00e1n en busca de una oportunidad laboral.<\/p>\n\n\n\n<p>El evento se desarrollar\u00e1 en el Centro C\u00edvico \u201cCarlos Cant\u00fa Rosas\u201d, ubicado en H\u00e9roe de Nacataz entre Guerrero y Reynosa de 9:00 de la ma\u00f1ana a 2:00 de la tarde.<\/p>\n\n\n\n<p>Durante la feria, se ofrecer\u00e1n alrededor de mil 500 vacantes de m\u00e1s de 50 empresas, brindando a los asistentes varias y diferentes opciones para su desarrollo profesional.<\/p>\n\n\n\n<p>Este a\u00f1o con los programas Ferias del Empleo y Empleo en tu colonia, se ha logrado vincular a m\u00e1s de 7 mil 894 ciudadanos con empresas maquiladoras, de comercio, servicios y transporte<\/p>\n\n\n\n<p>El objetivo de este evento es realizar una estrecha vinculaci\u00f3n con todos los sectores econ\u00f3micos de la ciudad, para generar y propiciar mejores empleos para la poblaci\u00f3n.<\/p>\n","protected":false},"excerpt":{"rendered":"<p>Por: Staff | #NuevoLaredo #Laredo #NLD #Tamaulipas El Gobierno Municipal llevar\u00e1 a cabo la tercera \u201cFeria del Empleo 2024\u201d, el pr\u00f3ximo 25 de septiembre, para todos aquellos ciudadanos que est\u00e1n en busca de una oportunidad laboral. El evento se desarrollar\u00e1 en el Centro C\u00edvico \u201cCarlos Cant\u00fa Rosas\u201d, ubicado en H\u00e9roe de Nacataz entre Guerrero y [&hellip;]<\/p>\n","protected":false},"author":1,"featured_media":9399,"comment_status":"open","ping_status":"open","sticky":false,"template":"","format":"standard","meta":{"footnotes":""},"categories":[31],"tags":[],"class_list":{"0":"post-9398","1":"post","2":"type-post","3":"status-publish","4":"format-standard","5":"has-post-thumbnail","7":"category-nuevo-laredo"},"amp_enabled":true,"_links":{"self":[{"href":"https:\/\/luisvaltierranoticias.com\/index.php?rest_route=\/wp\/v2\/posts\/9398","targetHints":{"allow":["GET"]}}],"collection":[{"href":"https:\/\/luisvaltierranoticias.com\/index.php?rest_route=\/wp\/v2\/posts"}],"about":[{"href":"https:\/\/luisvaltierranoticias.com\/index.php?rest_route=\/wp\/v2\/types\/post"}],"author":[{"embeddable":true,"href":"https:\/\/luisvaltierranoticias.com\/index.php?rest_route=\/wp\/v2\/users\/1"}],"replies":[{"embeddable":true,"href":"https:\/\/luisvaltierranoticias.com\/index.php?rest_route=%2Fwp%2Fv2%2Fcomments&post=9398"}],"version-history":[{"count":1,"href":"https:\/\/luisvaltierranoticias.com\/index.php?rest_route=\/wp\/v2\/posts\/9398\/revisions"}],"predecessor-version":[{"id":9400,"href":"https:\/\/luisvaltierranoticias.com\/index.php?rest_route=\/wp\/v2\/posts\/9398\/revisions\/9400"}],"wp:featuredmedia":[{"embeddable":true,"href":"https:\/\/luisvaltierranoticias.com\/index.php?rest_route=\/wp\/v2\/media\/9399"}],"wp:attachment":[{"href":"https:\/\/luisvaltierranoticias.com\/index.php?rest_route=%2Fwp%2Fv2%2Fmedia&parent=9398"}],"wp:term":[{"taxonomy":"category","embeddable":true,"href":"https:\/\/luisvaltierranoticias.com\/index.php?rest_route=%2Fwp%2Fv2%2Fcategories&post=9398"},{"taxonomy":"post_tag","embeddable":true,"href":"https:\/\/luisvaltierranoticias.com\/index.php?rest_route=%2Fwp%2Fv2%2Ftags&post=9398"}],"curies":[{"name":"wp","href":"https:\/\/api.w.org\/{rel}","templated":true}]}}