{"id":9387,"date":"2024-09-17T22:22:03","date_gmt":"2024-09-18T03:22:03","guid":{"rendered":"https:\/\/luisvaltierranoticias.com\/?p=9387"},"modified":"2024-09-17T22:22:04","modified_gmt":"2024-09-18T03:22:04","slug":"preparan-agenda-estrategica-turismo-federal-y-tamaulipas","status":"publish","type":"post","link":"https:\/\/luisvaltierranoticias.com\/?p=9387","title":{"rendered":"Preparan agenda estrat\u00e9gica Turismo Federal y Tamaulipas"},"content":{"rendered":"\n<p>-Benjam\u00edn Hern\u00e1ndez Rodr\u00edguez se reuni\u00f3 con Josefina Rodr\u00edguez Zamora, pr\u00f3xima titular federal del ramo<\/p>\n\n\n\n<p>Por: Agencias<\/p>\n\n\n\n<p>Ciudad de M\u00e9xico. &#8211; Con el objetivo de coordinar una agenda de trabajo que fortalezca el turismo en el estado y d\u00e9 continuidad a la transformaci\u00f3n del pa\u00eds, el secretario de Turismo en Tamaulipas, Benjam\u00edn Hern\u00e1ndez Rodr\u00edguez, sostuvo un encuentro con Josefina Rodr\u00edguez Zamora, quien ser\u00e1 la pr\u00f3xima titular de la Secretar\u00eda de Turismo Federal.<\/p>\n\n\n\n<p>\u201cFue un encuentro muy ameno para mostrar las estrategias que la administraci\u00f3n del gobernador Am\u00e9rico Villarreal Anaya lleva a cabo para fortalecer el turismo en la entidad, las cuales se est\u00e1n traduciendo en una mayor derrama econ\u00f3mica\u201d, explic\u00f3.<\/p>\n\n\n\n<p>En este sentido, destac\u00f3 que el estado est\u00e1 trabajando en la conectividad, mejorando la infraestructura carretera para facilitar el acceso a cualquier lugar de la entidad, as\u00ed como profesionalizando a los gu\u00edas, entre otras acciones.<\/p>\n\n\n\n<p>\u201cSe trabaja con el fin de ser un destino tur\u00edstico de referencia, tanto a nivel nacional como internacional, adem\u00e1s de posicionar a Tamaulipas en el segmento de turismo de reuniones, en congresos, competencias deportivas y mucho m\u00e1s\u201d, dijo.<\/p>\n\n\n\n<p>Explic\u00f3 que la finalidad es conjuntar esfuerzos para potenciar el turismo y generar estrategias que se traduzcan en mayor afluencia tur\u00edstica y derrama econ\u00f3mica en beneficio de la regi\u00f3n.<\/p>\n\n\n\n<p>\u201cSe fortalecer\u00e1 la presencia en las plataformas tecnol\u00f3gicas para dar a conocer las bellezas de nuestro maravilloso estado y llegar a m\u00e1s potenciales visitantes\u201d, concluy\u00f3.<\/p>\n","protected":false},"excerpt":{"rendered":"<p>-Benjam\u00edn Hern\u00e1ndez Rodr\u00edguez se reuni\u00f3 con Josefina Rodr\u00edguez Zamora, pr\u00f3xima titular federal del ramo Por: Agencias Ciudad de M\u00e9xico. &#8211; Con el objetivo de coordinar una agenda de trabajo que fortalezca el turismo en el estado y d\u00e9 continuidad a la transformaci\u00f3n del pa\u00eds, el secretario de Turismo en Tamaulipas, Benjam\u00edn Hern\u00e1ndez Rodr\u00edguez, sostuvo un [&hellip;]<\/p>\n","protected":false},"author":1,"featured_media":9388,"comment_status":"open","ping_status":"open","sticky":false,"template":"","format":"standard","meta":{"footnotes":""},"categories":[53],"tags":[],"class_list":{"0":"post-9387","1":"post","2":"type-post","3":"status-publish","4":"format-standard","5":"has-post-thumbnail","7":"category-tamaulipas"},"amp_enabled":true,"_links":{"self":[{"href":"https:\/\/luisvaltierranoticias.com\/index.php?rest_route=\/wp\/v2\/posts\/9387","targetHints":{"allow":["GET"]}}],"collection":[{"href":"https:\/\/luisvaltierranoticias.com\/index.php?rest_route=\/wp\/v2\/posts"}],"about":[{"href":"https:\/\/luisvaltierranoticias.com\/index.php?rest_route=\/wp\/v2\/types\/post"}],"author":[{"embeddable":true,"href":"https:\/\/luisvaltierranoticias.com\/index.php?rest_route=\/wp\/v2\/users\/1"}],"replies":[{"embeddable":true,"href":"https:\/\/luisvaltierranoticias.com\/index.php?rest_route=%2Fwp%2Fv2%2Fcomments&post=9387"}],"version-history":[{"count":1,"href":"https:\/\/luisvaltierranoticias.com\/index.php?rest_route=\/wp\/v2\/posts\/9387\/revisions"}],"predecessor-version":[{"id":9389,"href":"https:\/\/luisvaltierranoticias.com\/index.php?rest_route=\/wp\/v2\/posts\/9387\/revisions\/9389"}],"wp:featuredmedia":[{"embeddable":true,"href":"https:\/\/luisvaltierranoticias.com\/index.php?rest_route=\/wp\/v2\/media\/9388"}],"wp:attachment":[{"href":"https:\/\/luisvaltierranoticias.com\/index.php?rest_route=%2Fwp%2Fv2%2Fmedia&parent=9387"}],"wp:term":[{"taxonomy":"category","embeddable":true,"href":"https:\/\/luisvaltierranoticias.com\/index.php?rest_route=%2Fwp%2Fv2%2Fcategories&post=9387"},{"taxonomy":"post_tag","embeddable":true,"href":"https:\/\/luisvaltierranoticias.com\/index.php?rest_route=%2Fwp%2Fv2%2Ftags&post=9387"}],"curies":[{"name":"wp","href":"https:\/\/api.w.org\/{rel}","templated":true}]}}