{"id":9384,"date":"2024-09-17T22:19:30","date_gmt":"2024-09-18T03:19:30","guid":{"rendered":"https:\/\/luisvaltierranoticias.com\/?p=9384"},"modified":"2024-09-17T22:19:31","modified_gmt":"2024-09-18T03:19:31","slug":"llega-exposicion-historia-en-transformacion-al-palacio-de-gobierno-de-tamaulipas","status":"publish","type":"post","link":"https:\/\/luisvaltierranoticias.com\/?p=9384","title":{"rendered":"Llega exposici\u00f3n \u201cHistoria en Transformaci\u00f3n\u201d al Palacio de Gobierno de Tamaulipas"},"content":{"rendered":"\n<p>Por: Agencias<\/p>\n\n\n\n<p>Ciudad Victoria, Tamaulipas. &#8211; El Gobierno del Estado de Tamaulipas, a trav\u00e9s del Instituto Tamaulipeco para la Cultura y las Artes (ITCA), invita al p\u00fablico a la exposici\u00f3n \u201cHistoria en Transformaci\u00f3n\u201d en el Palacio de Gobierno.<\/p>\n\n\n\n<p>Esta exposici\u00f3n se enmarca en los festejos por la Independencia de M\u00e9xico y es un recorrido por tres de los periodos m\u00e1s emblem\u00e1ticos de la historia: la Independencia, la Reforma y la Revoluci\u00f3n Mexicana.<\/p>\n\n\n\n<p>Araceli Sosa \u00c1lvarez, encargada del despacho de la Direcci\u00f3n General del Instituto Tamaulipeco para la Cultura y las Artes (ITCA), se\u00f1al\u00f3 que la muestra cuenta con una amplia variedad de fotograf\u00edas, piezas hist\u00f3ricas, obras de arte y documentos que transportar\u00e1n a los asistentes por estos momentos clave en la formaci\u00f3n de M\u00e9xico.<\/p>\n\n\n\n<p>En el primer piso, dedicado a la Independencia de M\u00e9xico (1810-1821), se podr\u00e1n encontrar piezas valiosas como una r\u00e9plica del estandarte de la Virgen de Guadalupe, cinco obras de arte y el himno de nuestro estado.<\/p>\n\n\n\n<p>El segundo piso, centrado en la Reforma (1857-1861), exhibir\u00e1 18 piezas hist\u00f3ricas junto con impresionantes obras de arte que reflejan la lucha por la transformaci\u00f3n de M\u00e9xico en ese periodo.<\/p>\n\n\n\n<p>Finalmente, el tercer piso, reservado para la Revoluci\u00f3n Mexicana (1910-1917), presentar\u00e1 17 piezas hist\u00f3ricas, entre ellas una r\u00e9plica del cot\u00f3n del general Alberto Carrera Torres.<\/p>\n\n\n\n<p>La exposici\u00f3n estar\u00e1 abierta al p\u00fablico durante este mes de septiembre, en un horario de 8:00 a.m. a 8:00 p.m., ofreciendo la oportunidad de vivir y disfrutar esta muestra, siendo una ocasi\u00f3n para conectar con nuestras ra\u00edces y celebrar el legado hist\u00f3rico de M\u00e9xico.<\/p>\n","protected":false},"excerpt":{"rendered":"<p>Por: Agencias Ciudad Victoria, Tamaulipas. &#8211; El Gobierno del Estado de Tamaulipas, a trav\u00e9s del Instituto Tamaulipeco para la Cultura y las Artes (ITCA), invita al p\u00fablico a la exposici\u00f3n \u201cHistoria en Transformaci\u00f3n\u201d en el Palacio de Gobierno. Esta exposici\u00f3n se enmarca en los festejos por la Independencia de M\u00e9xico y es un recorrido por [&hellip;]<\/p>\n","protected":false},"author":1,"featured_media":9385,"comment_status":"open","ping_status":"open","sticky":false,"template":"","format":"standard","meta":{"footnotes":""},"categories":[53],"tags":[],"class_list":{"0":"post-9384","1":"post","2":"type-post","3":"status-publish","4":"format-standard","5":"has-post-thumbnail","7":"category-tamaulipas"},"amp_enabled":true,"_links":{"self":[{"href":"https:\/\/luisvaltierranoticias.com\/index.php?rest_route=\/wp\/v2\/posts\/9384","targetHints":{"allow":["GET"]}}],"collection":[{"href":"https:\/\/luisvaltierranoticias.com\/index.php?rest_route=\/wp\/v2\/posts"}],"about":[{"href":"https:\/\/luisvaltierranoticias.com\/index.php?rest_route=\/wp\/v2\/types\/post"}],"author":[{"embeddable":true,"href":"https:\/\/luisvaltierranoticias.com\/index.php?rest_route=\/wp\/v2\/users\/1"}],"replies":[{"embeddable":true,"href":"https:\/\/luisvaltierranoticias.com\/index.php?rest_route=%2Fwp%2Fv2%2Fcomments&post=9384"}],"version-history":[{"count":1,"href":"https:\/\/luisvaltierranoticias.com\/index.php?rest_route=\/wp\/v2\/posts\/9384\/revisions"}],"predecessor-version":[{"id":9386,"href":"https:\/\/luisvaltierranoticias.com\/index.php?rest_route=\/wp\/v2\/posts\/9384\/revisions\/9386"}],"wp:featuredmedia":[{"embeddable":true,"href":"https:\/\/luisvaltierranoticias.com\/index.php?rest_route=\/wp\/v2\/media\/9385"}],"wp:attachment":[{"href":"https:\/\/luisvaltierranoticias.com\/index.php?rest_route=%2Fwp%2Fv2%2Fmedia&parent=9384"}],"wp:term":[{"taxonomy":"category","embeddable":true,"href":"https:\/\/luisvaltierranoticias.com\/index.php?rest_route=%2Fwp%2Fv2%2Fcategories&post=9384"},{"taxonomy":"post_tag","embeddable":true,"href":"https:\/\/luisvaltierranoticias.com\/index.php?rest_route=%2Fwp%2Fv2%2Ftags&post=9384"}],"curies":[{"name":"wp","href":"https:\/\/api.w.org\/{rel}","templated":true}]}}