{"id":9378,"date":"2024-09-17T15:18:33","date_gmt":"2024-09-17T20:18:33","guid":{"rendered":"https:\/\/luisvaltierranoticias.com\/?p=9378"},"modified":"2024-09-17T15:18:34","modified_gmt":"2024-09-17T20:18:34","slug":"reanuda-aduana-de-nuevo-laredo-actividades-tras-afectaciones-por-tormenta-gobierno-municipal-apoya-en-reparacion-de-estructura","status":"publish","type":"post","link":"https:\/\/luisvaltierranoticias.com\/?p=9378","title":{"rendered":"REANUDA ADUANA DE NUEVO LAREDO ACTIVIDADES TRAS AFECTACIONES POR TORMENTA; GOBIERNO MUNICIPAL APOYA EN REPARACI\u00d3N DE ESTRUCTURA"},"content":{"rendered":"\n<p>Por: Staff | #NuevoLaredo #Laredo #NLD #Tamaulipas<\/p>\n\n\n\n<p>Luego de verse afectadas las instalaciones del Puente del Comercio Mundial en Nuevo Laredo por la tormenta del pasado 14 de septiembre, la Agencia Nacional de Aduanas de M\u00e9xico (ANAM) dio a conocer que a partir de este martes, la Aduana de Nuevo Laredo realizar\u00e1 el despacho de mercanc\u00edas de importaci\u00f3n de las 8 de la ma\u00f1ana a las cero horas, hasta nuevo aviso.<\/p>\n\n\n\n<p>Esta medida, se tom\u00f3 para no afectar el dinamismo que caracteriza a este puerto fronterizo, mientras que se realizan las labores de reparaci\u00f3n del m\u00f3dulo de importaci\u00f3n que colaps\u00f3 ante los fuertes vientos y la lluvia.<\/p>\n\n\n\n<p>La ANAM estim\u00f3 que la contingencia ser\u00e1 resuelta en 72 horas, tiempo en que las aduanas de Nuevo Laredo y Colombia continuar\u00e1n trabajando para garantizar el regreso a las operaciones normales a la brevedad posible.<\/p>\n\n\n\n<p>La ca\u00edda del techo dej\u00f3 bloqueados los accesos por lo que Aduanas inform\u00f3 de la evacuaci\u00f3n de la zona, as\u00ed como de cierres los d\u00edas 15 y 16 de septiembre para reparar los da\u00f1os.<\/p>\n\n\n\n<p>La presidenta municipal, Carmen Lilia Canturosas, inform\u00f3 que de inmediato se coordin\u00f3 con las autoridades aduanales para brindar todo el apoyo necesario y reparar los da\u00f1os causados por la tormenta.<\/p>\n\n\n\n<p>Asegur\u00f3 que puso a disposici\u00f3n de la aduana, maquinaria especializada y personal de obras p\u00fablicas para reparar la techumbre afectada y que de esta manera se pueda restablecer las operaciones de manera normal.<\/p>\n\n\n\n<p>\u201cActuamos de inmediato en coordinaci\u00f3n con los tres niveles de gobierno para que esto se restablezca lo m\u00e1s pronto posible, para nosotros es importante que el intercambio comercial fluya sin contratiempos y continuar llevando a Nuevo Laredo al m\u00e1ximo nivel\u201d, afirm\u00f3.<\/p>\n\n\n\n<p>De momento se han abierto cuatro m\u00f3dulos de importaci\u00f3n que trabajan con fluidez, se estima que durante la semana se abran m\u00e1s y que para el pr\u00f3ximo lunes est\u00e9n al 100% funcionando.<\/p>\n","protected":false},"excerpt":{"rendered":"<p>Por: Staff | #NuevoLaredo #Laredo #NLD #Tamaulipas Luego de verse afectadas las instalaciones del Puente del Comercio Mundial en Nuevo Laredo por la tormenta del pasado 14 de septiembre, la Agencia Nacional de Aduanas de M\u00e9xico (ANAM) dio a conocer que a partir de este martes, la Aduana de Nuevo Laredo realizar\u00e1 el despacho de [&hellip;]<\/p>\n","protected":false},"author":1,"featured_media":9379,"comment_status":"open","ping_status":"open","sticky":false,"template":"","format":"standard","meta":{"footnotes":""},"categories":[59,31],"tags":[],"class_list":{"0":"post-9378","1":"post","2":"type-post","3":"status-publish","4":"format-standard","5":"has-post-thumbnail","7":"category-destacado","8":"category-nuevo-laredo"},"amp_enabled":true,"_links":{"self":[{"href":"https:\/\/luisvaltierranoticias.com\/index.php?rest_route=\/wp\/v2\/posts\/9378","targetHints":{"allow":["GET"]}}],"collection":[{"href":"https:\/\/luisvaltierranoticias.com\/index.php?rest_route=\/wp\/v2\/posts"}],"about":[{"href":"https:\/\/luisvaltierranoticias.com\/index.php?rest_route=\/wp\/v2\/types\/post"}],"author":[{"embeddable":true,"href":"https:\/\/luisvaltierranoticias.com\/index.php?rest_route=\/wp\/v2\/users\/1"}],"replies":[{"embeddable":true,"href":"https:\/\/luisvaltierranoticias.com\/index.php?rest_route=%2Fwp%2Fv2%2Fcomments&post=9378"}],"version-history":[{"count":1,"href":"https:\/\/luisvaltierranoticias.com\/index.php?rest_route=\/wp\/v2\/posts\/9378\/revisions"}],"predecessor-version":[{"id":9380,"href":"https:\/\/luisvaltierranoticias.com\/index.php?rest_route=\/wp\/v2\/posts\/9378\/revisions\/9380"}],"wp:featuredmedia":[{"embeddable":true,"href":"https:\/\/luisvaltierranoticias.com\/index.php?rest_route=\/wp\/v2\/media\/9379"}],"wp:attachment":[{"href":"https:\/\/luisvaltierranoticias.com\/index.php?rest_route=%2Fwp%2Fv2%2Fmedia&parent=9378"}],"wp:term":[{"taxonomy":"category","embeddable":true,"href":"https:\/\/luisvaltierranoticias.com\/index.php?rest_route=%2Fwp%2Fv2%2Fcategories&post=9378"},{"taxonomy":"post_tag","embeddable":true,"href":"https:\/\/luisvaltierranoticias.com\/index.php?rest_route=%2Fwp%2Fv2%2Ftags&post=9378"}],"curies":[{"name":"wp","href":"https:\/\/api.w.org\/{rel}","templated":true}]}}