{"id":9371,"date":"2024-09-17T14:51:12","date_gmt":"2024-09-17T19:51:12","guid":{"rendered":"https:\/\/luisvaltierranoticias.com\/?p=9371"},"modified":"2024-09-17T14:51:13","modified_gmt":"2024-09-17T19:51:13","slug":"se-divierten-ciudadanos-en-bazar-une-fiestas-patrias","status":"publish","type":"post","link":"https:\/\/luisvaltierranoticias.com\/?p=9371","title":{"rendered":"SE DIVIERTEN CIUDADANOS EN BAZAR UNE \u201cFIESTAS PATRIAS\u201d"},"content":{"rendered":"\n<p>Por: Staff | #NuevoLaredo #Laredo #NLD #Tamaulipas<\/p>\n\n\n\n<p>Este s\u00e1bado, la Plaza Zaragoza fue el lugar para que se llevara a cabo el Bazar UNE \u201cFiestas Patrias\u201d, un evento que reuni\u00f3 a cientos de neolaredenses en el que tuvieron una tarde divertida, m\u00fasica en vivo, mariachi y gastronom\u00eda que deleit\u00f3 a todos los asistentes.<\/p>\n\n\n\n<p>Este bazar tuvo la participaci\u00f3n de m\u00e1s de 100 emprendedores locales que se dieron cita alrededor de la plaza, presentando productos y servicios. As\u00ed como una entretenida loter\u00eda mexicana.<\/p>\n\n\n\n<p>\u201cEstos eventos han sido una oportunidad para que los emprendedores se den a conocer, adem\u00e1s que han sido muy bien aceptados por la comunidad que vienen a pasar una tarde en familia\u201d, se\u00f1al\u00f3 la doctora Liliana Arjona Barocio, secretaria de Bienestar Social.<\/p>\n\n\n\n<p>Los visitantes tuvieron la oportunidad de observar y adquirir desde accesorios y ropa hasta zapatos, comida y postres, apoyando a los emprendedores de la regi\u00f3n.<\/p>\n\n\n\n<p>Adem\u00e1s, el bazar brind\u00f3 la oportunidad para que los asistentes adquirieran productos relacionados con la Independencia de M\u00e9xico.<\/p>\n\n\n\n<p>En el Bazar UNE \u201cFiestas Patrias\u201d hubo un gran ambiente y entusiasmo de la comunidad, en el que se dejaron ver familias completas fortaleciendo de esta manera el tejido social.<\/p>\n","protected":false},"excerpt":{"rendered":"<p>Por: Staff | #NuevoLaredo #Laredo #NLD #Tamaulipas Este s\u00e1bado, la Plaza Zaragoza fue el lugar para que se llevara a cabo el Bazar UNE \u201cFiestas Patrias\u201d, un evento que reuni\u00f3 a cientos de neolaredenses en el que tuvieron una tarde divertida, m\u00fasica en vivo, mariachi y gastronom\u00eda que deleit\u00f3 a todos los asistentes. Este bazar [&hellip;]<\/p>\n","protected":false},"author":1,"featured_media":9372,"comment_status":"open","ping_status":"open","sticky":false,"template":"","format":"standard","meta":{"footnotes":""},"categories":[31],"tags":[],"class_list":{"0":"post-9371","1":"post","2":"type-post","3":"status-publish","4":"format-standard","5":"has-post-thumbnail","7":"category-nuevo-laredo"},"amp_enabled":true,"_links":{"self":[{"href":"https:\/\/luisvaltierranoticias.com\/index.php?rest_route=\/wp\/v2\/posts\/9371","targetHints":{"allow":["GET"]}}],"collection":[{"href":"https:\/\/luisvaltierranoticias.com\/index.php?rest_route=\/wp\/v2\/posts"}],"about":[{"href":"https:\/\/luisvaltierranoticias.com\/index.php?rest_route=\/wp\/v2\/types\/post"}],"author":[{"embeddable":true,"href":"https:\/\/luisvaltierranoticias.com\/index.php?rest_route=\/wp\/v2\/users\/1"}],"replies":[{"embeddable":true,"href":"https:\/\/luisvaltierranoticias.com\/index.php?rest_route=%2Fwp%2Fv2%2Fcomments&post=9371"}],"version-history":[{"count":1,"href":"https:\/\/luisvaltierranoticias.com\/index.php?rest_route=\/wp\/v2\/posts\/9371\/revisions"}],"predecessor-version":[{"id":9373,"href":"https:\/\/luisvaltierranoticias.com\/index.php?rest_route=\/wp\/v2\/posts\/9371\/revisions\/9373"}],"wp:featuredmedia":[{"embeddable":true,"href":"https:\/\/luisvaltierranoticias.com\/index.php?rest_route=\/wp\/v2\/media\/9372"}],"wp:attachment":[{"href":"https:\/\/luisvaltierranoticias.com\/index.php?rest_route=%2Fwp%2Fv2%2Fmedia&parent=9371"}],"wp:term":[{"taxonomy":"category","embeddable":true,"href":"https:\/\/luisvaltierranoticias.com\/index.php?rest_route=%2Fwp%2Fv2%2Fcategories&post=9371"},{"taxonomy":"post_tag","embeddable":true,"href":"https:\/\/luisvaltierranoticias.com\/index.php?rest_route=%2Fwp%2Fv2%2Ftags&post=9371"}],"curies":[{"name":"wp","href":"https:\/\/api.w.org\/{rel}","templated":true}]}}