{"id":9368,"date":"2024-09-17T14:38:27","date_gmt":"2024-09-17T19:38:27","guid":{"rendered":"https:\/\/luisvaltierranoticias.com\/?p=9368"},"modified":"2024-09-17T14:38:29","modified_gmt":"2024-09-17T19:38:29","slug":"disfrutan-neolaredenses-noche-mexicana","status":"publish","type":"post","link":"https:\/\/luisvaltierranoticias.com\/?p=9368","title":{"rendered":"DISFRUTAN NEOLAREDENSES \u201cNOCHE MEXICANA\u201d"},"content":{"rendered":"\n<p>Por: Staff | #NuevoLaredo #Laredo #NLD #Tamaulipas<\/p>\n\n\n\n<p>El Gobierno de Nuevo Laredo llev\u00f3 a cabo una serie de eventos para celebrar las fiestas patrias, una de ellas la \u201cNoche Mexicana\u201d, con el objetivo de impulsar y fortalecer las tradiciones mexicanas, ofreciendo a los neolaredenses una tarde cultural.<\/p>\n\n\n\n<p>Este evento se realiz\u00f3 en el Centro Cultural, donde adem\u00e1s los asistentes pudieron disfrutar del \u201cBazar Joven\u201d en el que emprendedores locales presentaron y vendieron sus productos y servicios.<\/p>\n\n\n\n<p>\u201cEs un mes muy importante para nuestro pa\u00eds, y este Fiesta Mexicana se suma a las diferentes celebraciones que estamos haciendo en la ciudad, por nuestra parte seguiremos impulsando la cultura para que los j\u00f3venes s\u00e9 integren m\u00e1s a los grupos de danza\u201d, dijo Felipe Flores Montemayor, director de Arte y Cultura.<\/p>\n\n\n\n<p>Flores Montemayor destac\u00f3 que este evento cultural tambi\u00e9n fue parte de la celebraci\u00f3n por el D\u00eda Mundial del Folclore que se celebr\u00f3 el mes pasado.<\/p>\n\n\n\n<p>En el Teatro Principal del Centro Cultural hubo alrededor de 11 presentaciones art\u00edsticas de bailes regionales.<\/p>\n\n\n\n<p>\u201cNoche Mexicana\u201d fue organizado por el Instituto Municipal para el Desarrollo de la Juventud (IMJUVE) y por la Direcci\u00f3n de Arte y Cultura, el evento brind\u00f3 una gran celebraci\u00f3n, fortaleciendo la cultura de Nuevo Laredo y las tradiciones patrias.<\/p>\n","protected":false},"excerpt":{"rendered":"<p>Por: Staff | #NuevoLaredo #Laredo #NLD #Tamaulipas El Gobierno de Nuevo Laredo llev\u00f3 a cabo una serie de eventos para celebrar las fiestas patrias, una de ellas la \u201cNoche Mexicana\u201d, con el objetivo de impulsar y fortalecer las tradiciones mexicanas, ofreciendo a los neolaredenses una tarde cultural. Este evento se realiz\u00f3 en el Centro Cultural, [&hellip;]<\/p>\n","protected":false},"author":1,"featured_media":9369,"comment_status":"open","ping_status":"open","sticky":false,"template":"","format":"standard","meta":{"footnotes":""},"categories":[31],"tags":[],"class_list":{"0":"post-9368","1":"post","2":"type-post","3":"status-publish","4":"format-standard","5":"has-post-thumbnail","7":"category-nuevo-laredo"},"amp_enabled":true,"_links":{"self":[{"href":"https:\/\/luisvaltierranoticias.com\/index.php?rest_route=\/wp\/v2\/posts\/9368","targetHints":{"allow":["GET"]}}],"collection":[{"href":"https:\/\/luisvaltierranoticias.com\/index.php?rest_route=\/wp\/v2\/posts"}],"about":[{"href":"https:\/\/luisvaltierranoticias.com\/index.php?rest_route=\/wp\/v2\/types\/post"}],"author":[{"embeddable":true,"href":"https:\/\/luisvaltierranoticias.com\/index.php?rest_route=\/wp\/v2\/users\/1"}],"replies":[{"embeddable":true,"href":"https:\/\/luisvaltierranoticias.com\/index.php?rest_route=%2Fwp%2Fv2%2Fcomments&post=9368"}],"version-history":[{"count":1,"href":"https:\/\/luisvaltierranoticias.com\/index.php?rest_route=\/wp\/v2\/posts\/9368\/revisions"}],"predecessor-version":[{"id":9370,"href":"https:\/\/luisvaltierranoticias.com\/index.php?rest_route=\/wp\/v2\/posts\/9368\/revisions\/9370"}],"wp:featuredmedia":[{"embeddable":true,"href":"https:\/\/luisvaltierranoticias.com\/index.php?rest_route=\/wp\/v2\/media\/9369"}],"wp:attachment":[{"href":"https:\/\/luisvaltierranoticias.com\/index.php?rest_route=%2Fwp%2Fv2%2Fmedia&parent=9368"}],"wp:term":[{"taxonomy":"category","embeddable":true,"href":"https:\/\/luisvaltierranoticias.com\/index.php?rest_route=%2Fwp%2Fv2%2Fcategories&post=9368"},{"taxonomy":"post_tag","embeddable":true,"href":"https:\/\/luisvaltierranoticias.com\/index.php?rest_route=%2Fwp%2Fv2%2Ftags&post=9368"}],"curies":[{"name":"wp","href":"https:\/\/api.w.org\/{rel}","templated":true}]}}