{"id":9359,"date":"2024-09-16T22:07:43","date_gmt":"2024-09-17T03:07:43","guid":{"rendered":"https:\/\/luisvaltierranoticias.com\/?p=9359"},"modified":"2024-09-16T22:07:45","modified_gmt":"2024-09-17T03:07:45","slug":"impulsan-turismo-deportivo-con-un-triatlon-en-tampico","status":"publish","type":"post","link":"https:\/\/luisvaltierranoticias.com\/?p=9359","title":{"rendered":"Impulsan turismo deportivo con un triatl\u00f3n en Tampico"},"content":{"rendered":"\n<p>-La Secretaria de Turismo trabaja en posicionar a Tamaulipas como referente de eventos deportivos de talla nacional e internacional<\/p>\n\n\n\n<p>Por: Agencias<\/p>\n\n\n\n<p>Ciudad Victoria, Tamaulipas.- Con el impulso al turismo deportivo, la Secretar\u00eda de Turismo de Tamaulipas, busca posicionar al estado como un destino en el calendario de eventos deportivos nacionales e internacionales, que se traduzca en mayor afluencia tur\u00edstica y derrama econ\u00f3mica.<\/p>\n\n\n\n<p>\u201cTampico, Tamaulipas, ser\u00e1 el escenario de un emocionante triatl\u00f3n el pr\u00f3ximo 2 de noviembre, ICEST astri triatl\u00f3n Tamaulipas ICHICH TENEK, un evento dise\u00f1ado para potenciar el turismo deportivo en la regi\u00f3n\u201d, se\u00f1al\u00f3 Benjam\u00edn Hern\u00e1ndez Rodr\u00edguez, secretario de Turismo.<\/p>\n\n\n\n<p>Destac\u00f3: \u201cGracias al apoyo incondicional al deporte del gobernador Am\u00e9rico Villarreal Anaya y la presidenta del DIF Tamaulipas, Mar\u00eda de Villarreal se pueden concretar estas acciones en pro del desarrollo regional\u201d.<\/p>\n\n\n\n<p>Explic\u00f3 que la competencia, incluir\u00e1 nataci\u00f3n, ciclismo y carrera a pie, no solo atraer\u00e1 a atletas de alto rendimiento, sino tambi\u00e9n a visitantes interesados en disfrutar de las atractivas playas y la rica cultura local.<\/p>\n\n\n\n<p>Refiri\u00f3 que es el segundo a\u00f1o que se realiza, solo que en el pasado no se pudo llevar a cabo la parte de nado por las condiciones climatol\u00f3gicas.<\/p>\n\n\n\n<p>Por su parte, Mauricio \u00c1lvarez, director del evento deportivo destac\u00f3 la importancia de trabajar en conjunto gobierno e iniciativa privada para fortalecer la econom\u00eda y el desarrollo de la regi\u00f3n.<\/p>\n","protected":false},"excerpt":{"rendered":"<p>-La Secretaria de Turismo trabaja en posicionar a Tamaulipas como referente de eventos deportivos de talla nacional e internacional Por: Agencias Ciudad Victoria, Tamaulipas.- Con el impulso al turismo deportivo, la Secretar\u00eda de Turismo de Tamaulipas, busca posicionar al estado como un destino en el calendario de eventos deportivos nacionales e internacionales, que se traduzca [&hellip;]<\/p>\n","protected":false},"author":1,"featured_media":9360,"comment_status":"open","ping_status":"open","sticky":false,"template":"","format":"standard","meta":{"footnotes":""},"categories":[53],"tags":[],"class_list":{"0":"post-9359","1":"post","2":"type-post","3":"status-publish","4":"format-standard","5":"has-post-thumbnail","7":"category-tamaulipas"},"amp_enabled":true,"_links":{"self":[{"href":"https:\/\/luisvaltierranoticias.com\/index.php?rest_route=\/wp\/v2\/posts\/9359","targetHints":{"allow":["GET"]}}],"collection":[{"href":"https:\/\/luisvaltierranoticias.com\/index.php?rest_route=\/wp\/v2\/posts"}],"about":[{"href":"https:\/\/luisvaltierranoticias.com\/index.php?rest_route=\/wp\/v2\/types\/post"}],"author":[{"embeddable":true,"href":"https:\/\/luisvaltierranoticias.com\/index.php?rest_route=\/wp\/v2\/users\/1"}],"replies":[{"embeddable":true,"href":"https:\/\/luisvaltierranoticias.com\/index.php?rest_route=%2Fwp%2Fv2%2Fcomments&post=9359"}],"version-history":[{"count":1,"href":"https:\/\/luisvaltierranoticias.com\/index.php?rest_route=\/wp\/v2\/posts\/9359\/revisions"}],"predecessor-version":[{"id":9361,"href":"https:\/\/luisvaltierranoticias.com\/index.php?rest_route=\/wp\/v2\/posts\/9359\/revisions\/9361"}],"wp:featuredmedia":[{"embeddable":true,"href":"https:\/\/luisvaltierranoticias.com\/index.php?rest_route=\/wp\/v2\/media\/9360"}],"wp:attachment":[{"href":"https:\/\/luisvaltierranoticias.com\/index.php?rest_route=%2Fwp%2Fv2%2Fmedia&parent=9359"}],"wp:term":[{"taxonomy":"category","embeddable":true,"href":"https:\/\/luisvaltierranoticias.com\/index.php?rest_route=%2Fwp%2Fv2%2Fcategories&post=9359"},{"taxonomy":"post_tag","embeddable":true,"href":"https:\/\/luisvaltierranoticias.com\/index.php?rest_route=%2Fwp%2Fv2%2Ftags&post=9359"}],"curies":[{"name":"wp","href":"https:\/\/api.w.org\/{rel}","templated":true}]}}