{"id":9356,"date":"2024-09-16T22:04:30","date_gmt":"2024-09-17T03:04:30","guid":{"rendered":"https:\/\/luisvaltierranoticias.com\/?p=9356"},"modified":"2024-09-16T22:04:32","modified_gmt":"2024-09-17T03:04:32","slug":"participa-sspt-en-desfile-conmemorativo-de-la-independencia-de-mexico","status":"publish","type":"post","link":"https:\/\/luisvaltierranoticias.com\/?p=9356","title":{"rendered":"Participa SSPT en desfile conmemorativo de la Independencia de M\u00e9xico"},"content":{"rendered":"\n<p>Por: Agencias<\/p>\n\n\n\n<p>Ciudad Victoria, Tamaulipas. &#8211; En conmemoraci\u00f3n al 214 aniversario del inicio de la lucha por la Independencia de M\u00e9xico, la Secretar\u00eda de Seguridad P\u00fablica de Tamaulipas (SSPT) particip\u00f3 en el tradicional desfile celebrado en la capital de la entidad.<\/p>\n\n\n\n<p>Este evento c\u00edvico-militar congreg\u00f3 a las diferentes unidades y agrupamientos de la Guardia Estatal, as\u00ed como a personal de los Cuerpos de Vigilancia, Custodia y Seguridad.<\/p>\n\n\n\n<p>Tras realizar la Guardia de Honor en el Monumento a los H\u00e9roes de la Independencia, encabezada por el gobernador, Am\u00e9rico Villarreal Anaya; el desfile conmemorativo dio inicio en la Calle Juan B. Tijerina y Coahuila.<\/p>\n\n\n\n<p>En lo que respecta a la SSPT, el contingente fue encabezado por la Banda de Guerra y el Grupo Motorizado de la Guardia Estatal, seguido de las banderas monumental y nacional, as\u00ed como el escudo de Tamaulipas a cargo de la escolta femenil.<\/p>\n\n\n\n<p>Tambi\u00e9n participaron la Fuerza Aerom\u00f3vil, Fuerzas Especiales de la Guardia Estatal (FEGE), Guardia Estatal de G\u00e9nero, Polic\u00eda Auxiliar, Direcci\u00f3n de Tr\u00e1nsito Estatal, Fuerza Operativa \u201cPlan Tamaulipas\u201d, Polic\u00eda Procesal, Fuerza de Param\u00e9dicos T\u00e1cticos Policiales, Agrupamiento Canino, Cadetes de la Universidad de Seguridad y Justicia de Tamaulipas (USJT) y Agrupamiento Montado.<\/p>\n\n\n\n<p>Al ser el incremento al parque vehicular, muestra del compromiso y colaboraci\u00f3n del gobernador con la SSPT, desfilaron diversas unidades motorizadas, desde radio patrullas, veh\u00edculos tipo Urvan de la Guardia de G\u00e9nero, Polaris, Mamba, patrullas correspondientes a la Direcci\u00f3n de Tr\u00e1nsito Estatal y helic\u00f3pteros.<\/p>\n","protected":false},"excerpt":{"rendered":"<p>Por: Agencias Ciudad Victoria, Tamaulipas. &#8211; En conmemoraci\u00f3n al 214 aniversario del inicio de la lucha por la Independencia de M\u00e9xico, la Secretar\u00eda de Seguridad P\u00fablica de Tamaulipas (SSPT) particip\u00f3 en el tradicional desfile celebrado en la capital de la entidad. Este evento c\u00edvico-militar congreg\u00f3 a las diferentes unidades y agrupamientos de la Guardia Estatal, [&hellip;]<\/p>\n","protected":false},"author":1,"featured_media":9357,"comment_status":"open","ping_status":"open","sticky":false,"template":"","format":"standard","meta":{"footnotes":""},"categories":[55,53],"tags":[],"class_list":{"0":"post-9356","1":"post","2":"type-post","3":"status-publish","4":"format-standard","5":"has-post-thumbnail","7":"category-seguridad","8":"category-tamaulipas"},"amp_enabled":true,"_links":{"self":[{"href":"https:\/\/luisvaltierranoticias.com\/index.php?rest_route=\/wp\/v2\/posts\/9356","targetHints":{"allow":["GET"]}}],"collection":[{"href":"https:\/\/luisvaltierranoticias.com\/index.php?rest_route=\/wp\/v2\/posts"}],"about":[{"href":"https:\/\/luisvaltierranoticias.com\/index.php?rest_route=\/wp\/v2\/types\/post"}],"author":[{"embeddable":true,"href":"https:\/\/luisvaltierranoticias.com\/index.php?rest_route=\/wp\/v2\/users\/1"}],"replies":[{"embeddable":true,"href":"https:\/\/luisvaltierranoticias.com\/index.php?rest_route=%2Fwp%2Fv2%2Fcomments&post=9356"}],"version-history":[{"count":1,"href":"https:\/\/luisvaltierranoticias.com\/index.php?rest_route=\/wp\/v2\/posts\/9356\/revisions"}],"predecessor-version":[{"id":9358,"href":"https:\/\/luisvaltierranoticias.com\/index.php?rest_route=\/wp\/v2\/posts\/9356\/revisions\/9358"}],"wp:featuredmedia":[{"embeddable":true,"href":"https:\/\/luisvaltierranoticias.com\/index.php?rest_route=\/wp\/v2\/media\/9357"}],"wp:attachment":[{"href":"https:\/\/luisvaltierranoticias.com\/index.php?rest_route=%2Fwp%2Fv2%2Fmedia&parent=9356"}],"wp:term":[{"taxonomy":"category","embeddable":true,"href":"https:\/\/luisvaltierranoticias.com\/index.php?rest_route=%2Fwp%2Fv2%2Fcategories&post=9356"},{"taxonomy":"post_tag","embeddable":true,"href":"https:\/\/luisvaltierranoticias.com\/index.php?rest_route=%2Fwp%2Fv2%2Ftags&post=9356"}],"curies":[{"name":"wp","href":"https:\/\/api.w.org\/{rel}","templated":true}]}}