{"id":9350,"date":"2024-09-16T12:38:05","date_gmt":"2024-09-16T17:38:05","guid":{"rendered":"https:\/\/luisvaltierranoticias.com\/?p=9350"},"modified":"2024-09-16T12:38:06","modified_gmt":"2024-09-16T17:38:06","slug":"encabeza-alcaldesa-carmen-lilia-actividades-conmemorativas-por-214-aniversario-de-la-independencia-de-mexico","status":"publish","type":"post","link":"https:\/\/luisvaltierranoticias.com\/?p=9350","title":{"rendered":"ENCABEZA ALCALDESA CARMEN LILIA ACTIVIDADES CONMEMORATIVAS POR 214 ANIVERSARIO DE LA INDEPENDENCIA DE M\u00c9XICO"},"content":{"rendered":"\n<p>Por: Staff | #NuevoLaredo #Laredo #NLD #Tamaulipas<\/p>\n\n\n\n<p>Las celebraciones por los 214 a\u00f1os del inicio de la Independencia de M\u00e9xico comenzaron con Honores a la Bandera en la plaza C\u00edvica Municipal, la colocaci\u00f3n de una Ofrenda Floral y una Guardia de Honor en el monumento a Don Miguel Hidalgo, as\u00ed como el tradicional Desfile Conmemorativo del 16 de septiembre.<\/p>\n\n\n\n<p>La alcaldesa Carmen Lilia Canturosas Villarreal encabez\u00f3 estas actividades que forman parte de la historia, amor y el orgullo que representa la lucha e historia de la naci\u00f3n mexicana.<\/p>\n\n\n\n<p>\u201cEstoy muy contenta de presenciar a tantas familias reunidas para estos festejos que resaltan nuestros valores patrios y ver la dedicaci\u00f3n con la que se llev\u00f3 a cabo el tradicional desfile que reflej\u00f3 el orgullo de ser mexicano\u201d, se\u00f1al\u00f3.<\/p>\n\n\n\n<p>Indic\u00f3 que es importante mantener las tradiciones y costumbres del pa\u00eds con las que se enaltece el patriotismo, la importancia de la determinaci\u00f3n, la unidad y el amor por la tierra.<\/p>\n\n\n\n<p>\u201cNos recuerda que la libertad y la independencia son valores invaluables que debemos proteger y preservar para las generaciones futuras, ser parte de un pa\u00eds con esta historia nos llena de responsabilidad y nos motiva a seguir trabajando\u201d, expres\u00f3.<\/p>\n\n\n\n<p>La avenida Guerrero se pint\u00f3 con los colores del l\u00e1baro patrio: verde, blanco y rojo; esto como resultado del Desfile de la Independencia de M\u00e9xico en el que participaron 60 contingentes.<\/p>\n\n\n\n<p>Fueron 48 escuelas desde primarias hasta universidades, tres carros aleg\u00f3ricos, 11 sonoras bandas de guerra, dos escuelas de pentatl\u00f3n, tres asociaciones de cabalgantes y militares de la Secretar\u00eda de la Defensa Nacional para un total de 4 mil 711 participantes.<\/p>\n\n\n\n<p>Algunas instituciones que participaron en el desfile fueron: las preparatorias municipales Jos\u00e9 Vasconcelos, G\u00f3mez Mor\u00edn y Elena Poniatowska, Guardia Nacional, Guardia Estatal, elementos de Tr\u00e1nsito y Vialidad, Protecci\u00f3n Civil y Bomberos, el Sistema DIF, y Bandas de Guerra.<\/p>\n\n\n\n<p>El desfile inici\u00f3 desde la avenida Guerrero y Doctor Mier hasta concluir en la calle Per\u00fa.<\/p>\n","protected":false},"excerpt":{"rendered":"<p>Por: Staff | #NuevoLaredo #Laredo #NLD #Tamaulipas Las celebraciones por los 214 a\u00f1os del inicio de la Independencia de M\u00e9xico comenzaron con Honores a la Bandera en la plaza C\u00edvica Municipal, la colocaci\u00f3n de una Ofrenda Floral y una Guardia de Honor en el monumento a Don Miguel Hidalgo, as\u00ed como el tradicional Desfile Conmemorativo [&hellip;]<\/p>\n","protected":false},"author":1,"featured_media":9351,"comment_status":"open","ping_status":"open","sticky":false,"template":"","format":"standard","meta":{"footnotes":""},"categories":[59,31],"tags":[],"class_list":{"0":"post-9350","1":"post","2":"type-post","3":"status-publish","4":"format-standard","5":"has-post-thumbnail","7":"category-destacado","8":"category-nuevo-laredo"},"amp_enabled":true,"_links":{"self":[{"href":"https:\/\/luisvaltierranoticias.com\/index.php?rest_route=\/wp\/v2\/posts\/9350","targetHints":{"allow":["GET"]}}],"collection":[{"href":"https:\/\/luisvaltierranoticias.com\/index.php?rest_route=\/wp\/v2\/posts"}],"about":[{"href":"https:\/\/luisvaltierranoticias.com\/index.php?rest_route=\/wp\/v2\/types\/post"}],"author":[{"embeddable":true,"href":"https:\/\/luisvaltierranoticias.com\/index.php?rest_route=\/wp\/v2\/users\/1"}],"replies":[{"embeddable":true,"href":"https:\/\/luisvaltierranoticias.com\/index.php?rest_route=%2Fwp%2Fv2%2Fcomments&post=9350"}],"version-history":[{"count":1,"href":"https:\/\/luisvaltierranoticias.com\/index.php?rest_route=\/wp\/v2\/posts\/9350\/revisions"}],"predecessor-version":[{"id":9352,"href":"https:\/\/luisvaltierranoticias.com\/index.php?rest_route=\/wp\/v2\/posts\/9350\/revisions\/9352"}],"wp:featuredmedia":[{"embeddable":true,"href":"https:\/\/luisvaltierranoticias.com\/index.php?rest_route=\/wp\/v2\/media\/9351"}],"wp:attachment":[{"href":"https:\/\/luisvaltierranoticias.com\/index.php?rest_route=%2Fwp%2Fv2%2Fmedia&parent=9350"}],"wp:term":[{"taxonomy":"category","embeddable":true,"href":"https:\/\/luisvaltierranoticias.com\/index.php?rest_route=%2Fwp%2Fv2%2Fcategories&post=9350"},{"taxonomy":"post_tag","embeddable":true,"href":"https:\/\/luisvaltierranoticias.com\/index.php?rest_route=%2Fwp%2Fv2%2Ftags&post=9350"}],"curies":[{"name":"wp","href":"https:\/\/api.w.org\/{rel}","templated":true}]}}