{"id":9344,"date":"2024-09-16T12:01:37","date_gmt":"2024-09-16T17:01:37","guid":{"rendered":"https:\/\/luisvaltierranoticias.com\/?p=9344"},"modified":"2024-09-16T12:01:38","modified_gmt":"2024-09-16T17:01:38","slug":"viven-neolaredenses-fiesta-mexicana-con-emotivo-grito-de-independencia","status":"publish","type":"post","link":"https:\/\/luisvaltierranoticias.com\/?p=9344","title":{"rendered":"VIVEN NEOLAREDENSES FIESTA MEXICANA CON EMOTIVO GRITO DE INDEPENDENCIA"},"content":{"rendered":"\n<p>Por: Staff | #NuevoLaredo #Laredo #NLD #Tamaulipas<\/p>\n\n\n\n<p>Miles de neolaredenses se dieron cita para celebrar con orgullo, patriotismo y amor a M\u00e9xico el Grito de la Independencia, evento que tuvo como atracciones principales a Gloria Trevi y Grupo S\u00f3lido.<\/p>\n\n\n\n<p>La fiesta mexicana inici\u00f3 con presentaciones de artistas locales, entre diversidad de antojitos y de negocio formal como informal, los asistentes festejaron en un ambiente familiar esta fecha hist\u00f3rica.<\/p>\n\n\n\n<p>Adem\u00e1s, para facilitar la asistencia al evento, el Gobierno Municipal puso a disposici\u00f3n de la ciudadan\u00eda cuatro rutas gratuitas de transporte urbano para que familias del poniente y sur de la ciudad acudieran a celebrar el Grito de Independencia.<\/p>\n\n\n\n<p>Dahra Sandoval Pargas, asistente, manifest\u00f3 que esta fiesta es un evento para todos, tanto para venir en familia o en amigos a celebrar el orgullo y la historia de M\u00e9xico.<\/p>\n\n\n\n<p>\u201cEs un evento que tuvo variedad tanto en la comida como en los artistas invitados, todos disfrutamos esto y me encantan las actividades que organiza el municipio, siempre est\u00e1n bien organizadas y agradezco a la presidenta municipal por eso\u201d, destac\u00f3.<\/p>\n\n\n\n<p>Por su parte, el ciudadano Santos Rodr\u00edguez, quien acudi\u00f3 con su familia, enalteci\u00f3 que es un orgullo salir a festejar en las fechas patrias, sobre todo cuando se hace rodeado de seres queridos y compartir juntos el patriotismo.<\/p>\n\n\n\n<p>\u201cSon espacios que tenemos que aprovechar, la presidenta municipal nos trae artistas de primer nivel y agradecemos toda la diversi\u00f3n que trae a la ciudad\u201d, se\u00f1al\u00f3.<\/p>\n\n\n\n<p>Mientras que la ciudadana Blanca Hidalgo, expres\u00f3 que la fiesta por el grito de independencia represent\u00f3 el orgullo de ser mexicano, con un gran ambiente y sentido de pertenencia.<\/p>\n\n\n\n<p>\u201cAgradezco al gobierno municipal por este evento, cada a\u00f1o venimos a celebrar y siempre supera las expectativas, aqu\u00ed vienen familias por el mismo motivo, celebrar nuestra independencia\u201d, dijo.<\/p>\n\n\n\n<p>El evento tuvo lugar en la Plaza de la Independencia, donde los asistentes unieron su voz junto a la alcaldesa Carmen Lilia Canturosas Villarreal para corear a los h\u00e9roes que dieron patria al pa\u00eds y gritar \u201c\u00a1Viva M\u00e9xico!\u201d.<\/p>\n","protected":false},"excerpt":{"rendered":"<p>Por: Staff | #NuevoLaredo #Laredo #NLD #Tamaulipas Miles de neolaredenses se dieron cita para celebrar con orgullo, patriotismo y amor a M\u00e9xico el Grito de la Independencia, evento que tuvo como atracciones principales a Gloria Trevi y Grupo S\u00f3lido. La fiesta mexicana inici\u00f3 con presentaciones de artistas locales, entre diversidad de antojitos y de negocio [&hellip;]<\/p>\n","protected":false},"author":1,"featured_media":9345,"comment_status":"open","ping_status":"open","sticky":false,"template":"","format":"standard","meta":{"footnotes":""},"categories":[31],"tags":[],"class_list":{"0":"post-9344","1":"post","2":"type-post","3":"status-publish","4":"format-standard","5":"has-post-thumbnail","7":"category-nuevo-laredo"},"amp_enabled":true,"_links":{"self":[{"href":"https:\/\/luisvaltierranoticias.com\/index.php?rest_route=\/wp\/v2\/posts\/9344","targetHints":{"allow":["GET"]}}],"collection":[{"href":"https:\/\/luisvaltierranoticias.com\/index.php?rest_route=\/wp\/v2\/posts"}],"about":[{"href":"https:\/\/luisvaltierranoticias.com\/index.php?rest_route=\/wp\/v2\/types\/post"}],"author":[{"embeddable":true,"href":"https:\/\/luisvaltierranoticias.com\/index.php?rest_route=\/wp\/v2\/users\/1"}],"replies":[{"embeddable":true,"href":"https:\/\/luisvaltierranoticias.com\/index.php?rest_route=%2Fwp%2Fv2%2Fcomments&post=9344"}],"version-history":[{"count":1,"href":"https:\/\/luisvaltierranoticias.com\/index.php?rest_route=\/wp\/v2\/posts\/9344\/revisions"}],"predecessor-version":[{"id":9346,"href":"https:\/\/luisvaltierranoticias.com\/index.php?rest_route=\/wp\/v2\/posts\/9344\/revisions\/9346"}],"wp:featuredmedia":[{"embeddable":true,"href":"https:\/\/luisvaltierranoticias.com\/index.php?rest_route=\/wp\/v2\/media\/9345"}],"wp:attachment":[{"href":"https:\/\/luisvaltierranoticias.com\/index.php?rest_route=%2Fwp%2Fv2%2Fmedia&parent=9344"}],"wp:term":[{"taxonomy":"category","embeddable":true,"href":"https:\/\/luisvaltierranoticias.com\/index.php?rest_route=%2Fwp%2Fv2%2Fcategories&post=9344"},{"taxonomy":"post_tag","embeddable":true,"href":"https:\/\/luisvaltierranoticias.com\/index.php?rest_route=%2Fwp%2Fv2%2Ftags&post=9344"}],"curies":[{"name":"wp","href":"https:\/\/api.w.org\/{rel}","templated":true}]}}