{"id":9327,"date":"2024-09-13T16:08:48","date_gmt":"2024-09-13T21:08:48","guid":{"rendered":"https:\/\/luisvaltierranoticias.com\/?p=9327"},"modified":"2024-09-13T16:08:50","modified_gmt":"2024-09-13T21:08:50","slug":"ratifican-ambos-laredos-compromiso-con-la-salud-publica-en-foro-binacional","status":"publish","type":"post","link":"https:\/\/luisvaltierranoticias.com\/?p=9327","title":{"rendered":"RATIFICAN AMBOS LAREDOS COMPROMISO CON LA SALUD P\u00daBLICA EN FORO BINACIONAL"},"content":{"rendered":"\n<p>Por: Staff | #NuevoLaredo #Laredo #NLD #Tamaulipas<\/p>\n\n\n\n<p>Con la finalidad de abordar acciones en conjunto en beneficio de la comunidad, se realiz\u00f3 en la vecina ciudad de Laredo, Texas, el Foro Binacional de Salud P\u00fablica Ambiental, en donde funcionarios de Nuevo Laredo estuvieron presentes para aportar importantes propuestas y acciones.<\/p>\n\n\n\n<p>La doctora Lilia Arjona, secretar\u00eda de Bienestar Social, quien llev\u00f3 la representaci\u00f3n de la alcaldesa Carmen Lilia Canturosas Villarreal, destac\u00f3 la importancia de comunicar estas acciones a la ciudadan\u00eda a trav\u00e9s de campa\u00f1as estrat\u00e9gicas y esfuerzos en conjunto entre las dos naciones.<\/p>\n\n\n\n<p>\u201cEn esta reuni\u00f3n reafirmamos el compromiso de trabajo de la presidenta municipal Carmen Lilia Canturosas con la protecci\u00f3n del medio ambiente y la salud p\u00fablica\u201d, dijo la secretaria municipal de Bienestar.<\/p>\n\n\n\n<p>Reconoci\u00f3 la labor y liderazgo de las autoridades laredenses y agradeci\u00f3 al mayor de la Ciudad de Laredo, Victor Trevi\u00f1o y al doctor Richard A. Chamberlain, director de Salud P\u00fablica por este tipo de reuniones que son fundamentales para mejorar la calidad de vida de estas ciudades hermanas<\/p>\n\n\n\n<p>Por Nuevo Laredo asistieron tambi\u00e9n a esta reuni\u00f3n binacional, la arquitecta Silvia Fern\u00e1ndez Gallardo, directora de la Comisi\u00f3n Municipal de Agua Potable y Alcantarillado (COMAPA) , el arquitecto Carlos Germ\u00e1n de Anda, titular de la Secretar\u00eda de Obras P\u00fablicas, Desarrollo Urbano y Medio Ambiente (SOPDUMA), entre otros funcionarios.<\/p>\n","protected":false},"excerpt":{"rendered":"<p>Por: Staff | #NuevoLaredo #Laredo #NLD #Tamaulipas Con la finalidad de abordar acciones en conjunto en beneficio de la comunidad, se realiz\u00f3 en la vecina ciudad de Laredo, Texas, el Foro Binacional de Salud P\u00fablica Ambiental, en donde funcionarios de Nuevo Laredo estuvieron presentes para aportar importantes propuestas y acciones. La doctora Lilia Arjona, secretar\u00eda [&hellip;]<\/p>\n","protected":false},"author":1,"featured_media":9328,"comment_status":"open","ping_status":"open","sticky":false,"template":"","format":"standard","meta":{"footnotes":""},"categories":[31],"tags":[],"class_list":{"0":"post-9327","1":"post","2":"type-post","3":"status-publish","4":"format-standard","5":"has-post-thumbnail","7":"category-nuevo-laredo"},"amp_enabled":true,"_links":{"self":[{"href":"https:\/\/luisvaltierranoticias.com\/index.php?rest_route=\/wp\/v2\/posts\/9327","targetHints":{"allow":["GET"]}}],"collection":[{"href":"https:\/\/luisvaltierranoticias.com\/index.php?rest_route=\/wp\/v2\/posts"}],"about":[{"href":"https:\/\/luisvaltierranoticias.com\/index.php?rest_route=\/wp\/v2\/types\/post"}],"author":[{"embeddable":true,"href":"https:\/\/luisvaltierranoticias.com\/index.php?rest_route=\/wp\/v2\/users\/1"}],"replies":[{"embeddable":true,"href":"https:\/\/luisvaltierranoticias.com\/index.php?rest_route=%2Fwp%2Fv2%2Fcomments&post=9327"}],"version-history":[{"count":1,"href":"https:\/\/luisvaltierranoticias.com\/index.php?rest_route=\/wp\/v2\/posts\/9327\/revisions"}],"predecessor-version":[{"id":9329,"href":"https:\/\/luisvaltierranoticias.com\/index.php?rest_route=\/wp\/v2\/posts\/9327\/revisions\/9329"}],"wp:featuredmedia":[{"embeddable":true,"href":"https:\/\/luisvaltierranoticias.com\/index.php?rest_route=\/wp\/v2\/media\/9328"}],"wp:attachment":[{"href":"https:\/\/luisvaltierranoticias.com\/index.php?rest_route=%2Fwp%2Fv2%2Fmedia&parent=9327"}],"wp:term":[{"taxonomy":"category","embeddable":true,"href":"https:\/\/luisvaltierranoticias.com\/index.php?rest_route=%2Fwp%2Fv2%2Fcategories&post=9327"},{"taxonomy":"post_tag","embeddable":true,"href":"https:\/\/luisvaltierranoticias.com\/index.php?rest_route=%2Fwp%2Fv2%2Ftags&post=9327"}],"curies":[{"name":"wp","href":"https:\/\/api.w.org\/{rel}","templated":true}]}}