{"id":9324,"date":"2024-09-13T16:03:26","date_gmt":"2024-09-13T21:03:26","guid":{"rendered":"https:\/\/luisvaltierranoticias.com\/?p=9324"},"modified":"2024-09-13T16:03:28","modified_gmt":"2024-09-13T21:03:28","slug":"invita-gobierno-municipal-a-ceremonia-del-grito-de-independencia-y-concierto-de-gloria-trevi","status":"publish","type":"post","link":"https:\/\/luisvaltierranoticias.com\/?p=9324","title":{"rendered":"INVITA GOBIERNO MUNICIPAL A CEREMONIA DEL GRITO DE INDEPENDENCIA Y CONCIERTO DE GLORIA TREVI"},"content":{"rendered":"\n<p>Por: Staff | #NuevoLaredo #NLD #Laredo #Tamaulipas<\/p>\n\n\n\n<p>El Gobierno municipal invita a las familias neolaredenses a celebrar el 114 aniversario del inicio de la Independencia de M\u00e9xico con la Ceremonia del Grito que se realizar\u00e1 este 15 de septiembre en la Plaza de la Independencia.<\/p>\n\n\n\n<p>Este evento iniciar\u00e1 a partir de las 7:00 PM en el marco de una fiesta de olores, sabores, juegos pirot\u00e9cnicos para culminar con la presencia estelar de la cantante internacional Gloria Trevi y el grupo de m\u00fasica norte\u00f1a S\u00f3lido, que pondr\u00e1n ambiente a este tradicional festejo de la Independencia.<\/p>\n","protected":false},"excerpt":{"rendered":"<p>Por: Staff | #NuevoLaredo #NLD #Laredo #Tamaulipas El Gobierno municipal invita a las familias neolaredenses a celebrar el 114 aniversario del inicio de la Independencia de M\u00e9xico con la Ceremonia del Grito que se realizar\u00e1 este 15 de septiembre en la Plaza de la Independencia. Este evento iniciar\u00e1 a partir de las 7:00 PM en [&hellip;]<\/p>\n","protected":false},"author":1,"featured_media":9325,"comment_status":"open","ping_status":"open","sticky":false,"template":"","format":"standard","meta":{"footnotes":""},"categories":[59,31],"tags":[],"class_list":{"0":"post-9324","1":"post","2":"type-post","3":"status-publish","4":"format-standard","5":"has-post-thumbnail","7":"category-destacado","8":"category-nuevo-laredo"},"amp_enabled":true,"_links":{"self":[{"href":"https:\/\/luisvaltierranoticias.com\/index.php?rest_route=\/wp\/v2\/posts\/9324","targetHints":{"allow":["GET"]}}],"collection":[{"href":"https:\/\/luisvaltierranoticias.com\/index.php?rest_route=\/wp\/v2\/posts"}],"about":[{"href":"https:\/\/luisvaltierranoticias.com\/index.php?rest_route=\/wp\/v2\/types\/post"}],"author":[{"embeddable":true,"href":"https:\/\/luisvaltierranoticias.com\/index.php?rest_route=\/wp\/v2\/users\/1"}],"replies":[{"embeddable":true,"href":"https:\/\/luisvaltierranoticias.com\/index.php?rest_route=%2Fwp%2Fv2%2Fcomments&post=9324"}],"version-history":[{"count":1,"href":"https:\/\/luisvaltierranoticias.com\/index.php?rest_route=\/wp\/v2\/posts\/9324\/revisions"}],"predecessor-version":[{"id":9326,"href":"https:\/\/luisvaltierranoticias.com\/index.php?rest_route=\/wp\/v2\/posts\/9324\/revisions\/9326"}],"wp:featuredmedia":[{"embeddable":true,"href":"https:\/\/luisvaltierranoticias.com\/index.php?rest_route=\/wp\/v2\/media\/9325"}],"wp:attachment":[{"href":"https:\/\/luisvaltierranoticias.com\/index.php?rest_route=%2Fwp%2Fv2%2Fmedia&parent=9324"}],"wp:term":[{"taxonomy":"category","embeddable":true,"href":"https:\/\/luisvaltierranoticias.com\/index.php?rest_route=%2Fwp%2Fv2%2Fcategories&post=9324"},{"taxonomy":"post_tag","embeddable":true,"href":"https:\/\/luisvaltierranoticias.com\/index.php?rest_route=%2Fwp%2Fv2%2Ftags&post=9324"}],"curies":[{"name":"wp","href":"https:\/\/api.w.org\/{rel}","templated":true}]}}