{"id":9299,"date":"2024-09-12T17:19:03","date_gmt":"2024-09-12T22:19:03","guid":{"rendered":"https:\/\/luisvaltierranoticias.com\/?p=9299"},"modified":"2024-09-12T17:19:04","modified_gmt":"2024-09-12T22:19:04","slug":"reforestan-espacios-publicos-con-programa-municipal-sembrando-vida","status":"publish","type":"post","link":"https:\/\/luisvaltierranoticias.com\/?p=9299","title":{"rendered":"REFORESTAN ESPACIOS P\u00daBLICOS CON PROGRAMA MUNICIPAL \u201cSEMBRANDO VIDA\u201d"},"content":{"rendered":"\n<p>Por: Staff | #NuevoLaredo #Laredo #NLD #Tamaulipas<\/p>\n\n\n\n<p>Con el programa municipal \u201cSembrando Vida\u201d, impulsado por la Direcci\u00f3n de Medio Ambiente, se han logrado plantar un total de 3 mil 191 \u00e1rboles en diferentes espacios de la ciudad.<\/p>\n\n\n\n<p>Leonardo Saucedo Quirarte, encargado del despacho de la direcci\u00f3n de Medio Ambiente dijo que principalmente se han plantado en plazas, parques, escuelas y otros lugares p\u00fablicos, contribuyendo no solo a mejorar la imagen urbana, sino tambi\u00e9n a resaltar la importancia vital que los \u00e1rboles tienen para la vida humana.<\/p>\n\n\n\n<p>\u201cEl programa &#8220;Sembrando Vida&#8221; tiene como objetivo principal fortalecer el entorno natural de la ciudad y la importancia que tienen los \u00e1rboles para el bienestar ambiental y social\u201d, indic\u00f3 Saucedo Quirarte, funcionario municipal.<\/p>\n\n\n\n<p>Explic\u00f3 que la reforestaci\u00f3n tambi\u00e9n se ha hecho en conjunto con empresas quienes ellos ponen la mitad de \u00e1rboles y la direcci\u00f3n de Medio Ambiente la otra mitad para que sean plantados en lugares p\u00fablicos.<\/p>\n\n\n\n<p>Algunas de las empresas que han sido parte de \u201cSembrando Vida\u201d son la Comisi\u00f3n Federal de Electricidad (CFE), Teleflex, APTIV, Veolia, entre otras.<\/p>\n\n\n\n<p>El tipo de \u00e1rbol que m\u00e1s se ha plantado es el encino rojo, encino verde, fresno, el nogal.<\/p>\n\n\n\n<p>El funcionario municipal mencion\u00f3 que este tipo de acciones son parte del compromiso del gobierno municipal con la sostenibilidad y la protecci\u00f3n del medio ambiente.<\/p>\n\n\n\n<p>Las empresas o escuelas interesadas en que sean reforestadas pueden comunicarse al 867 714 79 73.<\/p>\n","protected":false},"excerpt":{"rendered":"<p>Por: Staff | #NuevoLaredo #Laredo #NLD #Tamaulipas Con el programa municipal \u201cSembrando Vida\u201d, impulsado por la Direcci\u00f3n de Medio Ambiente, se han logrado plantar un total de 3 mil 191 \u00e1rboles en diferentes espacios de la ciudad. Leonardo Saucedo Quirarte, encargado del despacho de la direcci\u00f3n de Medio Ambiente dijo que principalmente se han plantado [&hellip;]<\/p>\n","protected":false},"author":1,"featured_media":9300,"comment_status":"open","ping_status":"open","sticky":false,"template":"","format":"standard","meta":{"footnotes":""},"categories":[31],"tags":[],"class_list":{"0":"post-9299","1":"post","2":"type-post","3":"status-publish","4":"format-standard","5":"has-post-thumbnail","7":"category-nuevo-laredo"},"amp_enabled":true,"_links":{"self":[{"href":"https:\/\/luisvaltierranoticias.com\/index.php?rest_route=\/wp\/v2\/posts\/9299","targetHints":{"allow":["GET"]}}],"collection":[{"href":"https:\/\/luisvaltierranoticias.com\/index.php?rest_route=\/wp\/v2\/posts"}],"about":[{"href":"https:\/\/luisvaltierranoticias.com\/index.php?rest_route=\/wp\/v2\/types\/post"}],"author":[{"embeddable":true,"href":"https:\/\/luisvaltierranoticias.com\/index.php?rest_route=\/wp\/v2\/users\/1"}],"replies":[{"embeddable":true,"href":"https:\/\/luisvaltierranoticias.com\/index.php?rest_route=%2Fwp%2Fv2%2Fcomments&post=9299"}],"version-history":[{"count":1,"href":"https:\/\/luisvaltierranoticias.com\/index.php?rest_route=\/wp\/v2\/posts\/9299\/revisions"}],"predecessor-version":[{"id":9301,"href":"https:\/\/luisvaltierranoticias.com\/index.php?rest_route=\/wp\/v2\/posts\/9299\/revisions\/9301"}],"wp:featuredmedia":[{"embeddable":true,"href":"https:\/\/luisvaltierranoticias.com\/index.php?rest_route=\/wp\/v2\/media\/9300"}],"wp:attachment":[{"href":"https:\/\/luisvaltierranoticias.com\/index.php?rest_route=%2Fwp%2Fv2%2Fmedia&parent=9299"}],"wp:term":[{"taxonomy":"category","embeddable":true,"href":"https:\/\/luisvaltierranoticias.com\/index.php?rest_route=%2Fwp%2Fv2%2Fcategories&post=9299"},{"taxonomy":"post_tag","embeddable":true,"href":"https:\/\/luisvaltierranoticias.com\/index.php?rest_route=%2Fwp%2Fv2%2Ftags&post=9299"}],"curies":[{"name":"wp","href":"https:\/\/api.w.org\/{rel}","templated":true}]}}