{"id":9296,"date":"2024-09-12T17:15:26","date_gmt":"2024-09-12T22:15:26","guid":{"rendered":"https:\/\/luisvaltierranoticias.com\/?p=9296"},"modified":"2024-09-12T17:15:28","modified_gmt":"2024-09-12T22:15:28","slug":"invitan-a-disfrutar-kermes-en-la-casa-de-la-cultura-viveros","status":"publish","type":"post","link":"https:\/\/luisvaltierranoticias.com\/?p=9296","title":{"rendered":"INVITAN A DISFRUTAR KERM\u00c9S EN LA CASA DE LA CULTURA VIVEROS"},"content":{"rendered":"\n<p>Por: Staff | #NuevoLaredo #Laredo #NLD #Tamaulipas<\/p>\n\n\n\n<p>Con la finalidad de llevar la cultura a los diversos sectores de la Ciudad al mismo tiempo que las familias se diviertan y pasen tiempo de calidad , el Gobierno Municipal invita al \u201cKerm\u00e9s Cultural&#8221; este viernes 13 de septiembre.<\/p>\n\n\n\n<p>El evento se realizar\u00e1 en la Casa de la Cultura Viveros en horario de las 5:00 PM a las 8:00 PM en donde los visitantes tendr\u00e1n la oportunidad de vivir una tarde llena de m\u00fasica, arte y mucha diversi\u00f3n.<\/p>\n\n\n\n<p>\u201cSeguimos las instrucciones de nuestra presidenta Carmen Lilia Canturosas Villarreal, de llevar eventos de este tipo a todos los rincones de la Ciudad y por ello es que organizamos el kerm\u00e9s cultura al que esperamos nos acompa\u00f1en y se diviertan\u201d, dijo Felipe Flores, director de Arte y Cultura.<\/p>\n\n\n\n<p>Las familias podr\u00e1n disfrutar de una serie de actividades culturales, al mismo tiempo de que se instalar\u00e1n puestos de comida, de bebidas y art\u00edculos artesanales que podr\u00e1n adquirir a bajos precios.<\/p>\n","protected":false},"excerpt":{"rendered":"<p>Por: Staff | #NuevoLaredo #Laredo #NLD #Tamaulipas Con la finalidad de llevar la cultura a los diversos sectores de la Ciudad al mismo tiempo que las familias se diviertan y pasen tiempo de calidad , el Gobierno Municipal invita al \u201cKerm\u00e9s Cultural&#8221; este viernes 13 de septiembre. El evento se realizar\u00e1 en la Casa de [&hellip;]<\/p>\n","protected":false},"author":1,"featured_media":9297,"comment_status":"open","ping_status":"open","sticky":false,"template":"","format":"standard","meta":{"footnotes":""},"categories":[31],"tags":[],"class_list":{"0":"post-9296","1":"post","2":"type-post","3":"status-publish","4":"format-standard","5":"has-post-thumbnail","7":"category-nuevo-laredo"},"amp_enabled":true,"_links":{"self":[{"href":"https:\/\/luisvaltierranoticias.com\/index.php?rest_route=\/wp\/v2\/posts\/9296","targetHints":{"allow":["GET"]}}],"collection":[{"href":"https:\/\/luisvaltierranoticias.com\/index.php?rest_route=\/wp\/v2\/posts"}],"about":[{"href":"https:\/\/luisvaltierranoticias.com\/index.php?rest_route=\/wp\/v2\/types\/post"}],"author":[{"embeddable":true,"href":"https:\/\/luisvaltierranoticias.com\/index.php?rest_route=\/wp\/v2\/users\/1"}],"replies":[{"embeddable":true,"href":"https:\/\/luisvaltierranoticias.com\/index.php?rest_route=%2Fwp%2Fv2%2Fcomments&post=9296"}],"version-history":[{"count":1,"href":"https:\/\/luisvaltierranoticias.com\/index.php?rest_route=\/wp\/v2\/posts\/9296\/revisions"}],"predecessor-version":[{"id":9298,"href":"https:\/\/luisvaltierranoticias.com\/index.php?rest_route=\/wp\/v2\/posts\/9296\/revisions\/9298"}],"wp:featuredmedia":[{"embeddable":true,"href":"https:\/\/luisvaltierranoticias.com\/index.php?rest_route=\/wp\/v2\/media\/9297"}],"wp:attachment":[{"href":"https:\/\/luisvaltierranoticias.com\/index.php?rest_route=%2Fwp%2Fv2%2Fmedia&parent=9296"}],"wp:term":[{"taxonomy":"category","embeddable":true,"href":"https:\/\/luisvaltierranoticias.com\/index.php?rest_route=%2Fwp%2Fv2%2Fcategories&post=9296"},{"taxonomy":"post_tag","embeddable":true,"href":"https:\/\/luisvaltierranoticias.com\/index.php?rest_route=%2Fwp%2Fv2%2Ftags&post=9296"}],"curies":[{"name":"wp","href":"https:\/\/api.w.org\/{rel}","templated":true}]}}