{"id":9272,"date":"2024-09-10T14:48:44","date_gmt":"2024-09-10T19:48:44","guid":{"rendered":"https:\/\/luisvaltierranoticias.com\/?p=9272"},"modified":"2024-09-10T14:48:45","modified_gmt":"2024-09-10T19:48:45","slug":"la-escuela-de-musica-del-sistema-dif-abre-nuevos-espacios-para-el-aprendizaje-musical","status":"publish","type":"post","link":"https:\/\/luisvaltierranoticias.com\/?p=9272","title":{"rendered":"LA ESCUELA DE M\u00daSICA DEL SISTEMA DIF ABRE NUEVOS ESPACIOS PARA EL APRENDIZAJE MUSICAL"},"content":{"rendered":"\n<p>Por: Staff | #NuevoLaredo #Laredo #NLD #Tamaulipas<\/p>\n\n\n\n<p>La Escuela de M\u00fasica del Sistema DIF abre nuevas oportunidades para quienes desean aprender de manera gratuita a tocar una variedad de instrumentos y mejorar sus habilidades musicales.<\/p>\n\n\n\n<p>Est\u00e1n disponibles espacios para clases de guitarra, percusi\u00f3n, ukelele, bater\u00eda y saxof\u00f3n, as\u00ed como para estudiar canto y flauta moderna. Tambi\u00e9n se ofrecen cursos para trompeta, bugle, corno franc\u00e9s, bar\u00edtono, tromb\u00f3n y tuba.<\/p>\n\n\n\n<p>Adem\u00e1s, la escuela invita a estudiantes con discapacidad a inscribirse en sus clases de m\u00fasica especializadas.<\/p>\n\n\n\n<p>El ciclo de clases concluir\u00e1 en diciembre y esta es la \u00faltima semana para integrarse a los grupos de aprendizaje, ya que el resto de los grupos han cerrado inscripciones.<\/p>\n\n\n\n<p>Los interesados en inscribirse pueden acudir a la Escuela de M\u00fasica en el horario de 9:00 a.m. a 2:00 p.m. y de 3:00 p.m. a 6:00 p.m. a Eva S\u00e1mano 1511, colonia La Fe.<\/p>\n\n\n\n<p>Para la inscripci\u00f3n, se requieren los siguientes documentos:<\/p>\n\n\n\n<p>Copia del acta de nacimiento<br>Copia del CURP<br>Copia del comprobante de domicilio<br>Copia de la credencial INE (de padre, madre o tutor, si el estudiante es menor de edad)<br>Dos fotograf\u00edas tama\u00f1o infantil<br>Contar con instrumento propio<\/p>\n","protected":false},"excerpt":{"rendered":"<p>Por: Staff | #NuevoLaredo #Laredo #NLD #Tamaulipas La Escuela de M\u00fasica del Sistema DIF abre nuevas oportunidades para quienes desean aprender de manera gratuita a tocar una variedad de instrumentos y mejorar sus habilidades musicales. Est\u00e1n disponibles espacios para clases de guitarra, percusi\u00f3n, ukelele, bater\u00eda y saxof\u00f3n, as\u00ed como para estudiar canto y flauta moderna. [&hellip;]<\/p>\n","protected":false},"author":1,"featured_media":9273,"comment_status":"open","ping_status":"open","sticky":false,"template":"","format":"standard","meta":{"footnotes":""},"categories":[31],"tags":[],"class_list":{"0":"post-9272","1":"post","2":"type-post","3":"status-publish","4":"format-standard","5":"has-post-thumbnail","7":"category-nuevo-laredo"},"amp_enabled":true,"_links":{"self":[{"href":"https:\/\/luisvaltierranoticias.com\/index.php?rest_route=\/wp\/v2\/posts\/9272","targetHints":{"allow":["GET"]}}],"collection":[{"href":"https:\/\/luisvaltierranoticias.com\/index.php?rest_route=\/wp\/v2\/posts"}],"about":[{"href":"https:\/\/luisvaltierranoticias.com\/index.php?rest_route=\/wp\/v2\/types\/post"}],"author":[{"embeddable":true,"href":"https:\/\/luisvaltierranoticias.com\/index.php?rest_route=\/wp\/v2\/users\/1"}],"replies":[{"embeddable":true,"href":"https:\/\/luisvaltierranoticias.com\/index.php?rest_route=%2Fwp%2Fv2%2Fcomments&post=9272"}],"version-history":[{"count":1,"href":"https:\/\/luisvaltierranoticias.com\/index.php?rest_route=\/wp\/v2\/posts\/9272\/revisions"}],"predecessor-version":[{"id":9274,"href":"https:\/\/luisvaltierranoticias.com\/index.php?rest_route=\/wp\/v2\/posts\/9272\/revisions\/9274"}],"wp:featuredmedia":[{"embeddable":true,"href":"https:\/\/luisvaltierranoticias.com\/index.php?rest_route=\/wp\/v2\/media\/9273"}],"wp:attachment":[{"href":"https:\/\/luisvaltierranoticias.com\/index.php?rest_route=%2Fwp%2Fv2%2Fmedia&parent=9272"}],"wp:term":[{"taxonomy":"category","embeddable":true,"href":"https:\/\/luisvaltierranoticias.com\/index.php?rest_route=%2Fwp%2Fv2%2Fcategories&post=9272"},{"taxonomy":"post_tag","embeddable":true,"href":"https:\/\/luisvaltierranoticias.com\/index.php?rest_route=%2Fwp%2Fv2%2Ftags&post=9272"}],"curies":[{"name":"wp","href":"https:\/\/api.w.org\/{rel}","templated":true}]}}