{"id":9269,"date":"2024-09-10T14:42:03","date_gmt":"2024-09-10T19:42:03","guid":{"rendered":"https:\/\/luisvaltierranoticias.com\/?p=9269"},"modified":"2024-09-10T14:42:05","modified_gmt":"2024-09-10T19:42:05","slug":"inician-alrededor-de-400-ciudadanos-talleres-de-oficio-del-gobierno-municipal","status":"publish","type":"post","link":"https:\/\/luisvaltierranoticias.com\/?p=9269","title":{"rendered":"INICIAN ALREDEDOR DE 400 CIUDADANOS TALLERES DE OFICIO DEL GOBIERNO MUNICIPAL"},"content":{"rendered":"\n<p>Por: Staff | #NuevoLaredo #Laredo #NLD #Tamaulipas<\/p>\n\n\n\n<p>Esta semana fue la inauguraci\u00f3n de los \u201cTalleres de Oficio UNE\u201d en los que alrededor de 400 ciudadanos tendr\u00e1n la oportunidad de aprender desde ingl\u00e9s, corte y confecci\u00f3n, reposter\u00eda gourmet, aplicaci\u00f3n de u\u00f1as, panader\u00eda entre otros.<\/p>\n\n\n\n<p>La ceremonia de inicio se llev\u00f3 a cabo en el Centro Comunitario \u201cCampo Real\u201d a la que acudi\u00f3 Miguel \u00c1ngel Carrillo Barrios, director de Bienestar Social quien dio un mensaje de bienvenida y felicit\u00f3 a quienes se animaron a ser parte de una nueva generaci\u00f3n.<\/p>\n\n\n\n<p>\u201cFelicidades a quienes ahora pertenecen a estos talleres de oficio que sin duda es un programa muy noble, vamos a otorgarles las herramientas para que ustedes mismos puedan autoemplearse o consigan un mejor trabajo, mejoren y fortalezcan la econ\u00f3mica de la familia que es una de las prioridades de este gobierno municipal\u201d, dijo Carrillo Barrios, funcionario municipal.<\/p>\n\n\n\n<p>Durante esta administraci\u00f3n municipal han egresado cerca de 3 mil alumnos de los Talleres de Oficio, que en algunos de los casos ahora cuentan con sus negocios o locales establecidos.<\/p>\n\n\n\n<p>\u201cEsto es un incentivo para que sigamos trabajando y esforz\u00e1ndonos y que este beneficio llegue a m\u00e1s personas, que podamos tener m\u00e1s clases, m\u00e1s cursos\u201d, indic\u00f3 el funcionario municipal.<\/p>\n\n\n\n<p>En total son 12 Talleres de Oficio los que se estar\u00e1n brindando en los diferentes Centros Comunitarios y Tamules que se encuentran en la ciudad. Tiene la duraci\u00f3n de 6 meses y al finalizar se les entregar\u00e1 un certificado avalado por la SEP.<\/p>\n\n\n\n<p>Los maestros que impartir\u00e1n los talleres pertenecen al CECATI 193 quienes han realizado cursos para que est\u00e9n calificados al brindar este beneficio a la ciudadan\u00eda.<\/p>\n\n\n\n<p>En este evento estuvieron presentes: Patricia Moreno Arbizu, directora de CECATI 193; Pedro Guill\u00e9n Gallegos, subdirector del CECATI 193; y Olga Espinoza, alumna del taller de Spa y Cosmetolog\u00eda; maestros y alumnos de los diferentes talleres de oficio.<\/p>\n","protected":false},"excerpt":{"rendered":"<p>Por: Staff | #NuevoLaredo #Laredo #NLD #Tamaulipas Esta semana fue la inauguraci\u00f3n de los \u201cTalleres de Oficio UNE\u201d en los que alrededor de 400 ciudadanos tendr\u00e1n la oportunidad de aprender desde ingl\u00e9s, corte y confecci\u00f3n, reposter\u00eda gourmet, aplicaci\u00f3n de u\u00f1as, panader\u00eda entre otros. La ceremonia de inicio se llev\u00f3 a cabo en el Centro Comunitario [&hellip;]<\/p>\n","protected":false},"author":1,"featured_media":9270,"comment_status":"open","ping_status":"open","sticky":false,"template":"","format":"standard","meta":{"footnotes":""},"categories":[31],"tags":[],"class_list":{"0":"post-9269","1":"post","2":"type-post","3":"status-publish","4":"format-standard","5":"has-post-thumbnail","7":"category-nuevo-laredo"},"amp_enabled":true,"_links":{"self":[{"href":"https:\/\/luisvaltierranoticias.com\/index.php?rest_route=\/wp\/v2\/posts\/9269","targetHints":{"allow":["GET"]}}],"collection":[{"href":"https:\/\/luisvaltierranoticias.com\/index.php?rest_route=\/wp\/v2\/posts"}],"about":[{"href":"https:\/\/luisvaltierranoticias.com\/index.php?rest_route=\/wp\/v2\/types\/post"}],"author":[{"embeddable":true,"href":"https:\/\/luisvaltierranoticias.com\/index.php?rest_route=\/wp\/v2\/users\/1"}],"replies":[{"embeddable":true,"href":"https:\/\/luisvaltierranoticias.com\/index.php?rest_route=%2Fwp%2Fv2%2Fcomments&post=9269"}],"version-history":[{"count":1,"href":"https:\/\/luisvaltierranoticias.com\/index.php?rest_route=\/wp\/v2\/posts\/9269\/revisions"}],"predecessor-version":[{"id":9271,"href":"https:\/\/luisvaltierranoticias.com\/index.php?rest_route=\/wp\/v2\/posts\/9269\/revisions\/9271"}],"wp:featuredmedia":[{"embeddable":true,"href":"https:\/\/luisvaltierranoticias.com\/index.php?rest_route=\/wp\/v2\/media\/9270"}],"wp:attachment":[{"href":"https:\/\/luisvaltierranoticias.com\/index.php?rest_route=%2Fwp%2Fv2%2Fmedia&parent=9269"}],"wp:term":[{"taxonomy":"category","embeddable":true,"href":"https:\/\/luisvaltierranoticias.com\/index.php?rest_route=%2Fwp%2Fv2%2Fcategories&post=9269"},{"taxonomy":"post_tag","embeddable":true,"href":"https:\/\/luisvaltierranoticias.com\/index.php?rest_route=%2Fwp%2Fv2%2Ftags&post=9269"}],"curies":[{"name":"wp","href":"https:\/\/api.w.org\/{rel}","templated":true}]}}