{"id":9263,"date":"2024-09-09T16:55:16","date_gmt":"2024-09-09T21:55:16","guid":{"rendered":"https:\/\/luisvaltierranoticias.com\/?p=9263"},"modified":"2024-09-09T16:55:17","modified_gmt":"2024-09-09T21:55:17","slug":"es-nuevo-laredo-el-municipio-mejor-evaluado-en-la-guia-consultiva-de-desempeno-municipal-2024","status":"publish","type":"post","link":"https:\/\/luisvaltierranoticias.com\/?p=9263","title":{"rendered":"ES NUEVO LAREDO EL MUNICIPIO MEJOR EVALUADO EN LA GU\u00cdA CONSULTIVA DE DESEMPE\u00d1O MUNICIPAL 2024"},"content":{"rendered":"\n<p>Por: Staff | #NuevoLaredo #Laredo #NLD #Tamaulipas<\/p>\n\n\n\n<p>El Gobierno de Nuevo Laredo fue reconocido por la Secretar\u00eda de Gobernaci\u00f3n (SEGOB) a trav\u00e9s del Instituto Nacional para el Federalismo y el Desarrollo Municipal (INAFED), por obtener el resultado anual m\u00e1s alto en Tamaulipas de acuerdo a la gu\u00eda Consultiva de Desempe\u00f1o municipal 2024.<\/p>\n\n\n\n<p>La Universidad Aut\u00f3noma de Tamaulipas (UAT) sirvi\u00f3 como instancia revisora de dicha gu\u00eda y el Gobierno Municipal result\u00f3 con un 82.4% de calificaci\u00f3n, la m\u00e1s alta en el Estado, por lo que recibi\u00f3 de forma virtual el reconocimiento por parte de la SEGOB.<\/p>\n\n\n\n<p>La presidenta municipal Carmen Lilia Canturosas Villarreal, destac\u00f3 que gracias a los esfuerzos de integrantes del Cabildo y autoridades municipales para transformar la ciudad y traer una nueva era de prosperidad a Nuevo Laredo, se logr\u00f3 obtener el distintivo.<\/p>\n\n\n\n<p>\u201cPriorizamos un desarrollo social equitativo, con igualdad de oportunidades y mejorando la calidad de vida de los neolaredenses, todo bajo la visi\u00f3n que nos transmiti\u00f3 el actual presidente de M\u00e9xico, Andr\u00e9s Manuel L\u00f3pez Obrador\u201d, expres\u00f3.<\/p>\n\n\n\n<p>Canturosas Villarreal agradeci\u00f3 al gobernador Am\u00e9rico Villareal Anaya, por contribuir al desarrollo de Nuevo Laredo mediante el fortalecimiento de los programas que se llevan a cabo en la ciudad a fin de traer m\u00e1s bienestar a la poblaci\u00f3n.<\/p>\n\n\n\n<p>Tambi\u00e9n dijo que el Gobierno Municipal llev\u00f3 a cabo programas y proyectos alineados a los objetivos de desarrollo sostenible de la Agenda 2030,en la que se calific\u00f3 su gesti\u00f3n y desempe\u00f1o en puntos como organizaci\u00f3n, hacienda, gesti\u00f3n de territorio, servicios p\u00fablicos, medio ambiente, desarrollo social, desarrollo econ\u00f3mico y gobierno abierto.<\/p>\n\n\n\n<p>Anteriormente, el INAFED tambi\u00e9n reconoci\u00f3 al Gobierno Municipal por ser el Ayuntamiento que m\u00e1s acciones cre\u00f3 para el bienestar de la poblaci\u00f3n a nivel estado con un resultado de 66.67%, igualmente el m\u00e1s alto en la entidad y valorado por el Instituto Superior de Tamaulipas.<\/p>\n","protected":false},"excerpt":{"rendered":"<p>Por: Staff | #NuevoLaredo #Laredo #NLD #Tamaulipas El Gobierno de Nuevo Laredo fue reconocido por la Secretar\u00eda de Gobernaci\u00f3n (SEGOB) a trav\u00e9s del Instituto Nacional para el Federalismo y el Desarrollo Municipal (INAFED), por obtener el resultado anual m\u00e1s alto en Tamaulipas de acuerdo a la gu\u00eda Consultiva de Desempe\u00f1o municipal 2024. La Universidad Aut\u00f3noma [&hellip;]<\/p>\n","protected":false},"author":1,"featured_media":9264,"comment_status":"open","ping_status":"open","sticky":false,"template":"","format":"standard","meta":{"footnotes":""},"categories":[59,31],"tags":[],"class_list":{"0":"post-9263","1":"post","2":"type-post","3":"status-publish","4":"format-standard","5":"has-post-thumbnail","7":"category-destacado","8":"category-nuevo-laredo"},"amp_enabled":true,"_links":{"self":[{"href":"https:\/\/luisvaltierranoticias.com\/index.php?rest_route=\/wp\/v2\/posts\/9263","targetHints":{"allow":["GET"]}}],"collection":[{"href":"https:\/\/luisvaltierranoticias.com\/index.php?rest_route=\/wp\/v2\/posts"}],"about":[{"href":"https:\/\/luisvaltierranoticias.com\/index.php?rest_route=\/wp\/v2\/types\/post"}],"author":[{"embeddable":true,"href":"https:\/\/luisvaltierranoticias.com\/index.php?rest_route=\/wp\/v2\/users\/1"}],"replies":[{"embeddable":true,"href":"https:\/\/luisvaltierranoticias.com\/index.php?rest_route=%2Fwp%2Fv2%2Fcomments&post=9263"}],"version-history":[{"count":1,"href":"https:\/\/luisvaltierranoticias.com\/index.php?rest_route=\/wp\/v2\/posts\/9263\/revisions"}],"predecessor-version":[{"id":9265,"href":"https:\/\/luisvaltierranoticias.com\/index.php?rest_route=\/wp\/v2\/posts\/9263\/revisions\/9265"}],"wp:featuredmedia":[{"embeddable":true,"href":"https:\/\/luisvaltierranoticias.com\/index.php?rest_route=\/wp\/v2\/media\/9264"}],"wp:attachment":[{"href":"https:\/\/luisvaltierranoticias.com\/index.php?rest_route=%2Fwp%2Fv2%2Fmedia&parent=9263"}],"wp:term":[{"taxonomy":"category","embeddable":true,"href":"https:\/\/luisvaltierranoticias.com\/index.php?rest_route=%2Fwp%2Fv2%2Fcategories&post=9263"},{"taxonomy":"post_tag","embeddable":true,"href":"https:\/\/luisvaltierranoticias.com\/index.php?rest_route=%2Fwp%2Fv2%2Ftags&post=9263"}],"curies":[{"name":"wp","href":"https:\/\/api.w.org\/{rel}","templated":true}]}}