{"id":9257,"date":"2024-09-09T16:39:42","date_gmt":"2024-09-09T21:39:42","guid":{"rendered":"https:\/\/luisvaltierranoticias.com\/?p=9257"},"modified":"2024-09-09T16:39:43","modified_gmt":"2024-09-09T21:39:43","slug":"imjuve-invita-a-jovenes-emprendedores-a-ser-parte-del-bazar-en-evento-noche-mexicana","status":"publish","type":"post","link":"https:\/\/luisvaltierranoticias.com\/?p=9257","title":{"rendered":"IMJUVE INVITA A J\u00d3VENES EMPRENDEDORES A SER PARTE DEL BAZAR EN EVENTO \u201cNOCHE MEXICANA\u201d"},"content":{"rendered":"\n<p>Por: Staff | #NuevoLaredo #Laredo #NLD #Tamaulipas<\/p>\n\n\n\n<p>Una gran \u201cNoche Mexicana\u201d organiza el Instituto Municipal para el Desarrollo de la Juventud (IMJUVE) en la que habr\u00e1 gastronom\u00eda, folclor para que los j\u00f3venes de la ciudad tengan otra opci\u00f3n en donde divertirse.<\/p>\n\n\n\n<p>En este evento se instalar\u00e1 un \u201cBazar Joven\u201d alusivo a las fiestas patrias, por lo que emprendedores interesados en exponer su producto o servicio a\u00fan tienen la oportunidad de registrarse en el siguiente enlace https:\/\/forms.gle\/9nGF2i4RK8TrcjZr8.<\/p>\n\n\n\n<p>\u201cInvitamos a todos los j\u00f3venes emprendedores para que sean parte de este evento porque van a tener la oportunidad de dar a conocer su producto o servicio a m\u00e1s gente y as\u00ed incrementar sus ventas\u201d, dijo Jes\u00fas Espinoza Hern\u00e1ndez, director del IMJUVE.<\/p>\n\n\n\n<p>Adem\u00e1s inform\u00f3 que el evento se realizar\u00e1 en conjunto con la direcci\u00f3n de Arte y Cultura quienes participar\u00e1n con grupos de folclor para el disfrute de todos los asistentes.<\/p>\n\n\n\n<p>\u201cNoche Mexicana\u201d se realizar\u00e1 el pr\u00f3ximo 14 de septiembre en el Centro Cultural a partir de las 4:00 de la tarde.<\/p>\n","protected":false},"excerpt":{"rendered":"<p>Por: Staff | #NuevoLaredo #Laredo #NLD #Tamaulipas Una gran \u201cNoche Mexicana\u201d organiza el Instituto Municipal para el Desarrollo de la Juventud (IMJUVE) en la que habr\u00e1 gastronom\u00eda, folclor para que los j\u00f3venes de la ciudad tengan otra opci\u00f3n en donde divertirse. En este evento se instalar\u00e1 un \u201cBazar Joven\u201d alusivo a las fiestas patrias, por [&hellip;]<\/p>\n","protected":false},"author":1,"featured_media":9258,"comment_status":"open","ping_status":"open","sticky":false,"template":"","format":"standard","meta":{"footnotes":""},"categories":[31],"tags":[],"class_list":{"0":"post-9257","1":"post","2":"type-post","3":"status-publish","4":"format-standard","5":"has-post-thumbnail","7":"category-nuevo-laredo"},"amp_enabled":true,"_links":{"self":[{"href":"https:\/\/luisvaltierranoticias.com\/index.php?rest_route=\/wp\/v2\/posts\/9257","targetHints":{"allow":["GET"]}}],"collection":[{"href":"https:\/\/luisvaltierranoticias.com\/index.php?rest_route=\/wp\/v2\/posts"}],"about":[{"href":"https:\/\/luisvaltierranoticias.com\/index.php?rest_route=\/wp\/v2\/types\/post"}],"author":[{"embeddable":true,"href":"https:\/\/luisvaltierranoticias.com\/index.php?rest_route=\/wp\/v2\/users\/1"}],"replies":[{"embeddable":true,"href":"https:\/\/luisvaltierranoticias.com\/index.php?rest_route=%2Fwp%2Fv2%2Fcomments&post=9257"}],"version-history":[{"count":1,"href":"https:\/\/luisvaltierranoticias.com\/index.php?rest_route=\/wp\/v2\/posts\/9257\/revisions"}],"predecessor-version":[{"id":9259,"href":"https:\/\/luisvaltierranoticias.com\/index.php?rest_route=\/wp\/v2\/posts\/9257\/revisions\/9259"}],"wp:featuredmedia":[{"embeddable":true,"href":"https:\/\/luisvaltierranoticias.com\/index.php?rest_route=\/wp\/v2\/media\/9258"}],"wp:attachment":[{"href":"https:\/\/luisvaltierranoticias.com\/index.php?rest_route=%2Fwp%2Fv2%2Fmedia&parent=9257"}],"wp:term":[{"taxonomy":"category","embeddable":true,"href":"https:\/\/luisvaltierranoticias.com\/index.php?rest_route=%2Fwp%2Fv2%2Fcategories&post=9257"},{"taxonomy":"post_tag","embeddable":true,"href":"https:\/\/luisvaltierranoticias.com\/index.php?rest_route=%2Fwp%2Fv2%2Ftags&post=9257"}],"curies":[{"name":"wp","href":"https:\/\/api.w.org\/{rel}","templated":true}]}}