{"id":9254,"date":"2024-09-09T16:33:49","date_gmt":"2024-09-09T21:33:49","guid":{"rendered":"https:\/\/luisvaltierranoticias.com\/?p=9254"},"modified":"2024-09-09T16:33:51","modified_gmt":"2024-09-09T21:33:51","slug":"ultimos-dias-para-el-registro-de-beca-para-la-inclusion-social-en-tamaulipas","status":"publish","type":"post","link":"https:\/\/luisvaltierranoticias.com\/?p=9254","title":{"rendered":"\u00daLTIMOS D\u00cdAS PARA EL REGISTRO DE BECA PARA LA INCLUSI\u00d3N SOCIAL EN TAMAULIPAS"},"content":{"rendered":"\n<p>Por: Staff | #NuevoLaredo #Laredo #NLD #Tamaulipas<\/p>\n\n\n\n<p>Este martes 10 de septiembre vence el plazo en Nuevo Laredo para entregar los documentos para las personas interesadas en solicitar la beca de Inclusi\u00f3n Social en Tamaulipas que est\u00e1 dirigida a estudiantes con discapacidad inscritos en instituciones con validez oficial del Sistema Educativo Estatal en los niveles de Primaria, Secundaria, Medio Superior y Superior.<\/p>\n\n\n\n<p>Esta beca la otorga el Gobierno de Tamaulipas a trav\u00e9s de la Secretar\u00eda de Educaci\u00f3n y del Instituto Tamaulipeco de Becas, Est\u00edmulos y Cr\u00e9ditos Educativos (ITABEC), y es impulsada por el Sistema DIF Nuevo Laredo por medio del programa Lazos de Esperanza con la que se busca beneficiar a estudiantes con discapacidad motriz, visual, auditiva y\/o intelectual leve en situaci\u00f3n vulnerable.<\/p>\n\n\n\n<p>La solicitud y entrega de documentos se realiza en las instalaciones del CRI ubicadas en Jaumave #6970, Col. La Fe, en un horario de 8:30 a.m. a 2:30 p.m.<\/p>\n\n\n\n<p>Los requisitos que se deben de cumplir son: ser del Estado de Tamaulipas o acreditar una antig\u00fcedad m\u00ednima de 2 a\u00f1os de residencia en la entidad. No contar con alg\u00fan otro beneficio de tipo econ\u00f3mico o en especie otorgado para su educaci\u00f3n y estar inscritas en una instituci\u00f3n p\u00fablica o privada del Sistema Educativo Estatal en los niveles de primaria a superior.<\/p>\n\n\n\n<p>Los documentos que se deben de entregar son: formato \u00danico de Discapacidad actualizado emitido por el Sistema DIF, constancia de inscripci\u00f3n expedida por la instituci\u00f3n educativa que especifique el ciclo escolar y el grado o periodo a cursar,copia de la boleta de calificaciones del ciclo escolar inmediato anterior o del \u00faltimo periodo cursado, original y una copia de la solicitud, aviso de privacidad, una copia del acta de nacimiento, una copia de la CURP, una copia de la identificaci\u00f3n oficial vigente del padre, madre o tutor.<\/p>\n\n\n\n<p>Las personas que deseen m\u00e1s informaci\u00f3n pueden comunicarse al tel\u00e9fono (867) 150 40 00 o bien acudir directamente al programa Lazos de Esperanza en las instalaciones del CRI Nuevo Laredo.<\/p>\n","protected":false},"excerpt":{"rendered":"<p>Por: Staff | #NuevoLaredo #Laredo #NLD #Tamaulipas Este martes 10 de septiembre vence el plazo en Nuevo Laredo para entregar los documentos para las personas interesadas en solicitar la beca de Inclusi\u00f3n Social en Tamaulipas que est\u00e1 dirigida a estudiantes con discapacidad inscritos en instituciones con validez oficial del Sistema Educativo Estatal en los niveles [&hellip;]<\/p>\n","protected":false},"author":1,"featured_media":9255,"comment_status":"open","ping_status":"open","sticky":false,"template":"","format":"standard","meta":{"footnotes":""},"categories":[31],"tags":[],"class_list":{"0":"post-9254","1":"post","2":"type-post","3":"status-publish","4":"format-standard","5":"has-post-thumbnail","7":"category-nuevo-laredo"},"amp_enabled":true,"_links":{"self":[{"href":"https:\/\/luisvaltierranoticias.com\/index.php?rest_route=\/wp\/v2\/posts\/9254","targetHints":{"allow":["GET"]}}],"collection":[{"href":"https:\/\/luisvaltierranoticias.com\/index.php?rest_route=\/wp\/v2\/posts"}],"about":[{"href":"https:\/\/luisvaltierranoticias.com\/index.php?rest_route=\/wp\/v2\/types\/post"}],"author":[{"embeddable":true,"href":"https:\/\/luisvaltierranoticias.com\/index.php?rest_route=\/wp\/v2\/users\/1"}],"replies":[{"embeddable":true,"href":"https:\/\/luisvaltierranoticias.com\/index.php?rest_route=%2Fwp%2Fv2%2Fcomments&post=9254"}],"version-history":[{"count":1,"href":"https:\/\/luisvaltierranoticias.com\/index.php?rest_route=\/wp\/v2\/posts\/9254\/revisions"}],"predecessor-version":[{"id":9256,"href":"https:\/\/luisvaltierranoticias.com\/index.php?rest_route=\/wp\/v2\/posts\/9254\/revisions\/9256"}],"wp:featuredmedia":[{"embeddable":true,"href":"https:\/\/luisvaltierranoticias.com\/index.php?rest_route=\/wp\/v2\/media\/9255"}],"wp:attachment":[{"href":"https:\/\/luisvaltierranoticias.com\/index.php?rest_route=%2Fwp%2Fv2%2Fmedia&parent=9254"}],"wp:term":[{"taxonomy":"category","embeddable":true,"href":"https:\/\/luisvaltierranoticias.com\/index.php?rest_route=%2Fwp%2Fv2%2Fcategories&post=9254"},{"taxonomy":"post_tag","embeddable":true,"href":"https:\/\/luisvaltierranoticias.com\/index.php?rest_route=%2Fwp%2Fv2%2Ftags&post=9254"}],"curies":[{"name":"wp","href":"https:\/\/api.w.org\/{rel}","templated":true}]}}