{"id":9252,"date":"2024-09-10T14:32:37","date_gmt":"2024-09-10T19:32:37","guid":{"rendered":"https:\/\/luisvaltierranoticias.com\/?p=9252"},"modified":"2024-09-10T14:32:39","modified_gmt":"2024-09-10T19:32:39","slug":"inmujer-nuevo-laredo-promueve-derechos-de-las-mujeres-a-traves-de-talleres-comunitarios","status":"publish","type":"post","link":"https:\/\/luisvaltierranoticias.com\/?p=9252","title":{"rendered":"INMUJER NUEVO LAREDO PROMUEVE DERECHOS DE LAS MUJERES A TRAV\u00c9S DE TALLERES COMUNITARIOS"},"content":{"rendered":"\n<p>Por: Staff | #NuevoLaredo #Laredo #NLD #Tamaulipas<\/p>\n\n\n\n<p>Como parte de las acciones del Programa para el Adelanto, Bienestar e Igualdad de las Mujeres (PROABIM), el Instituto Municipal de la Mujer de Nuevo Laredo (InmujerNL), realiz\u00f3 el taller \u201cDerechos Humanos de las Mujeres\u201d, en el centro comunitario Francisco Villa.<\/p>\n\n\n\n<p>La encargada de impartir este taller fue la Lic. Elizabeth Mu\u00f1oz V\u00e1squez, especialista en temas con perspectiva de g\u00e9nero, a trav\u00e9s de una rese\u00f1a hist\u00f3rica y conociendo los diferentes tratados internacionales, las y los asistentes en la pl\u00e1tica aprendieron la relevancia de los derechos humanos de las mujeres.<\/p>\n\n\n\n<p>Cynthia Rodr\u00edguez Leija, directora del Inmujer Nuevo Laredo, coment\u00f3 que estos talleres continuar\u00e1n realiz\u00e1ndose y van dirigidos principalmente a la comunidad, ya que se busca que las mujeres puedan conocer y hagan valer sus derechos.<\/p>\n\n\n\n<p>Si existe una asociaci\u00f3n civil, comunidad estudiantil y\/o grupo de vecinas interesadas en recibir este taller, pueden comunicarse a los tel\u00e9fonos del INMUJER Nuevo Laredo, (867) 713 5281 y (867) 719 2160, para conocer los requisitos y poder agendarlo.<\/p>\n","protected":false},"excerpt":{"rendered":"<p>Por: Staff | #NuevoLaredo #Laredo #NLD #Tamaulipas Como parte de las acciones del Programa para el Adelanto, Bienestar e Igualdad de las Mujeres (PROABIM), el Instituto Municipal de la Mujer de Nuevo Laredo (InmujerNL), realiz\u00f3 el taller \u201cDerechos Humanos de las Mujeres\u201d, en el centro comunitario Francisco Villa. La encargada de impartir este taller fue [&hellip;]<\/p>\n","protected":false},"author":1,"featured_media":9267,"comment_status":"open","ping_status":"open","sticky":false,"template":"","format":"standard","meta":{"footnotes":""},"categories":[31],"tags":[],"class_list":{"0":"post-9252","1":"post","2":"type-post","3":"status-publish","4":"format-standard","5":"has-post-thumbnail","7":"category-nuevo-laredo"},"amp_enabled":true,"_links":{"self":[{"href":"https:\/\/luisvaltierranoticias.com\/index.php?rest_route=\/wp\/v2\/posts\/9252","targetHints":{"allow":["GET"]}}],"collection":[{"href":"https:\/\/luisvaltierranoticias.com\/index.php?rest_route=\/wp\/v2\/posts"}],"about":[{"href":"https:\/\/luisvaltierranoticias.com\/index.php?rest_route=\/wp\/v2\/types\/post"}],"author":[{"embeddable":true,"href":"https:\/\/luisvaltierranoticias.com\/index.php?rest_route=\/wp\/v2\/users\/1"}],"replies":[{"embeddable":true,"href":"https:\/\/luisvaltierranoticias.com\/index.php?rest_route=%2Fwp%2Fv2%2Fcomments&post=9252"}],"version-history":[{"count":1,"href":"https:\/\/luisvaltierranoticias.com\/index.php?rest_route=\/wp\/v2\/posts\/9252\/revisions"}],"predecessor-version":[{"id":9268,"href":"https:\/\/luisvaltierranoticias.com\/index.php?rest_route=\/wp\/v2\/posts\/9252\/revisions\/9268"}],"wp:featuredmedia":[{"embeddable":true,"href":"https:\/\/luisvaltierranoticias.com\/index.php?rest_route=\/wp\/v2\/media\/9267"}],"wp:attachment":[{"href":"https:\/\/luisvaltierranoticias.com\/index.php?rest_route=%2Fwp%2Fv2%2Fmedia&parent=9252"}],"wp:term":[{"taxonomy":"category","embeddable":true,"href":"https:\/\/luisvaltierranoticias.com\/index.php?rest_route=%2Fwp%2Fv2%2Fcategories&post=9252"},{"taxonomy":"post_tag","embeddable":true,"href":"https:\/\/luisvaltierranoticias.com\/index.php?rest_route=%2Fwp%2Fv2%2Ftags&post=9252"}],"curies":[{"name":"wp","href":"https:\/\/api.w.org\/{rel}","templated":true}]}}