{"id":9246,"date":"2024-09-08T18:37:12","date_gmt":"2024-09-08T23:37:12","guid":{"rendered":"https:\/\/luisvaltierranoticias.com\/?p=9246"},"modified":"2024-09-08T18:37:14","modified_gmt":"2024-09-08T23:37:14","slug":"avanza-proyecto-brt-en-la-zona-sur-para-modernizar-transporte-publico","status":"publish","type":"post","link":"https:\/\/luisvaltierranoticias.com\/?p=9246","title":{"rendered":"Avanza proyecto BRT en la zona sur para modernizar transporte p\u00fablico"},"content":{"rendered":"\n<p>-SEDUMA se reuni\u00f3 con gerentes y representantes de organismos e instituciones, por donde est\u00e1 previsto el trayecto de la nueva l\u00ednea de transporte, e informarles que esta alternativa mejorar\u00e1 la movilidad en la regi\u00f3n, incrementar\u00e1 el flujo de clientes y promover\u00e1 el desarrollo econ\u00f3mico local<\/p>\n\n\n\n<p>Por: Agencias<\/p>\n\n\n\n<p>Tampico, Tamaulipas.- Con el objetivo de presentar el Proyecto del Sistema Integrado de Transporte BRT (por sus siglas en ingl\u00e9s) para la zona conurbada y establecer mecanismos de colaboraci\u00f3n para su desarrollo, la Secretar\u00eda de Desarrollo Urbano y Medio Ambiente (SEDUMA) llev\u00f3 a cabo una reuni\u00f3n de coordinaci\u00f3n con gerentes y representantes de diversos organismos e instituciones con infraestructura en la avenida Hidalgo. En dicha reuni\u00f3n tambi\u00e9n participaron autoridades de Tr\u00e1nsito y Vialidad de los municipios de Altamira y Tampico.<\/p>\n\n\n\n<p>El encuentro fue encabezado por la titular de la SEDUMA, Karina Lizeth Sald\u00edvar Lartigue, quien destac\u00f3 que este proyecto se enmarca en el Plan Estatal de Desarrollo 2023-2028, cuyo eje estrat\u00e9gico para el cuidado del medio ambiente incluye la mejora de la movilidad urbana y carretera como una medida clave para reducir las emisiones provenientes del transporte.<\/p>\n\n\n\n<p>\u201cLa movilidad urbana no se limita a conectar destinos, sino a mejorar el acceso de los ciudadanos a servicios esenciales como hospitales, centros de trabajo, escuelas y espacios de recreaci\u00f3n. Queremos un transporte p\u00fablico digno que haga m\u00e1s eficiente el tiempo de traslado y mejore la calidad de vida de la poblaci\u00f3n\u201d.<\/p>\n\n\n\n<p>La funcionaria estatal explic\u00f3 que, como parte de los esfuerzos del gobierno estatal, se ha presentado al Programa de Apoyo Federal al Transporte Masivo (PROTRAM) del Fondo Nacional de Infraestructura (FONADIN) el proyecto &#8220;Sistema Integral de Transporte BRT de la Zona Conurbada del Sur de Tamaulipas&#8221;.<\/p>\n\n\n\n<p>\u201cEste sistema, dise\u00f1ado bajo el modelo de Asociaci\u00f3n P\u00fablico-Privada, busca modernizar el transporte p\u00fablico en los municipios de Tampico, Ciudad Madero y Altamira, \u00e1reas clave debido a su alta concentraci\u00f3n poblacional y su infraestructura estrat\u00e9gica, que incluye puertos, carreteras y zonas industriales\u201d, se\u00f1al\u00f3.<\/p>\n\n\n\n<p>El Bus Rapid Transit (BRT) es un sistema basado en autobuses que ofrece una alternativa r\u00e1pida y eficiente de movilidad urbana. Brinda un servicio de alta calidad, similar al de los sistemas de transporte masivo sobre rieles, pero con una inversi\u00f3n significativamente menor. Este modelo se implementar\u00e1 en carriles exclusivos, con operaciones frecuentes y servicios c\u00f3modos para los usuarios.<\/p>\n\n\n\n<p>En las pr\u00f3ximas semanas se llevar\u00e1n a cabo trabajos de levantamiento topogr\u00e1fico en el corredor donde se desarrollar\u00e1 el sistema BRT. Estas labores incluir\u00e1n estudios de planimetr\u00eda y altimetr\u00eda, as\u00ed como la localizaci\u00f3n de instalaciones subterr\u00e1neas a lo largo del corredor y las calles de conexi\u00f3n con las terminales.<\/p>\n","protected":false},"excerpt":{"rendered":"<p>-SEDUMA se reuni\u00f3 con gerentes y representantes de organismos e instituciones, por donde est\u00e1 previsto el trayecto de la nueva l\u00ednea de transporte, e informarles que esta alternativa mejorar\u00e1 la movilidad en la regi\u00f3n, incrementar\u00e1 el flujo de clientes y promover\u00e1 el desarrollo econ\u00f3mico local Por: Agencias Tampico, Tamaulipas.- Con el objetivo de presentar el [&hellip;]<\/p>\n","protected":false},"author":1,"featured_media":9247,"comment_status":"open","ping_status":"open","sticky":false,"template":"","format":"standard","meta":{"footnotes":""},"categories":[53],"tags":[],"class_list":{"0":"post-9246","1":"post","2":"type-post","3":"status-publish","4":"format-standard","5":"has-post-thumbnail","7":"category-tamaulipas"},"amp_enabled":true,"_links":{"self":[{"href":"https:\/\/luisvaltierranoticias.com\/index.php?rest_route=\/wp\/v2\/posts\/9246","targetHints":{"allow":["GET"]}}],"collection":[{"href":"https:\/\/luisvaltierranoticias.com\/index.php?rest_route=\/wp\/v2\/posts"}],"about":[{"href":"https:\/\/luisvaltierranoticias.com\/index.php?rest_route=\/wp\/v2\/types\/post"}],"author":[{"embeddable":true,"href":"https:\/\/luisvaltierranoticias.com\/index.php?rest_route=\/wp\/v2\/users\/1"}],"replies":[{"embeddable":true,"href":"https:\/\/luisvaltierranoticias.com\/index.php?rest_route=%2Fwp%2Fv2%2Fcomments&post=9246"}],"version-history":[{"count":1,"href":"https:\/\/luisvaltierranoticias.com\/index.php?rest_route=\/wp\/v2\/posts\/9246\/revisions"}],"predecessor-version":[{"id":9248,"href":"https:\/\/luisvaltierranoticias.com\/index.php?rest_route=\/wp\/v2\/posts\/9246\/revisions\/9248"}],"wp:featuredmedia":[{"embeddable":true,"href":"https:\/\/luisvaltierranoticias.com\/index.php?rest_route=\/wp\/v2\/media\/9247"}],"wp:attachment":[{"href":"https:\/\/luisvaltierranoticias.com\/index.php?rest_route=%2Fwp%2Fv2%2Fmedia&parent=9246"}],"wp:term":[{"taxonomy":"category","embeddable":true,"href":"https:\/\/luisvaltierranoticias.com\/index.php?rest_route=%2Fwp%2Fv2%2Fcategories&post=9246"},{"taxonomy":"post_tag","embeddable":true,"href":"https:\/\/luisvaltierranoticias.com\/index.php?rest_route=%2Fwp%2Fv2%2Ftags&post=9246"}],"curies":[{"name":"wp","href":"https:\/\/api.w.org\/{rel}","templated":true}]}}