{"id":9243,"date":"2024-09-08T18:34:52","date_gmt":"2024-09-08T23:34:52","guid":{"rendered":"https:\/\/luisvaltierranoticias.com\/?p=9243"},"modified":"2024-09-08T18:34:55","modified_gmt":"2024-09-08T23:34:55","slug":"participara-tamaulipas-en-el-tianguis-nacional-de-pueblos-magicos","status":"publish","type":"post","link":"https:\/\/luisvaltierranoticias.com\/?p=9243","title":{"rendered":"Participar\u00e1 Tamaulipas en el Tianguis Nacional de Pueblos M\u00e1gicos"},"content":{"rendered":"\n<p>\u2014Mostrar\u00e1n la riqueza artesanal, gastron\u00f3mica y los atractivos de Tamaulipas a trav\u00e9s de Tula, Mier y Ciudad Victoria<\/p>\n\n\n\n<p>Por: Agencias<\/p>\n\n\n\n<p>Ciudad Victoria, Tamaulipas.-Con exhibiciones de m\u00fasica, danza, gastronom\u00eda, artesan\u00edas, as\u00ed como la presentaci\u00f3n del amplio abanico de destinos y paquetes tur\u00edsticos del estado, Tamaulipas estar\u00e1 presente en la 6a Edici\u00f3n del Tianguis Nacional de Pueblos M\u00e1gicos.<\/p>\n\n\n\n<p>El magno evento que promueve la diversidad natural y cultural de productos y servicios de los 177 Pueblos M\u00e1gicos y los 32 Barrios M\u00e1gicos de M\u00e9xico, se realizar\u00e1 del 9 al 12 de septiembre en las instalaciones del World Trade Center en Boca del R\u00edo, Veracruz.<\/p>\n\n\n\n<p>Benjam\u00edn Hern\u00e1ndez Rodr\u00edguez, secretario de Turismo en Tamaulipas asegur\u00f3 que este es un excelente foro para mostrar y destacar a los Pueblos M\u00e1gicos de Tula y Mier, adem\u00e1s del Barrio M\u00e1gico de Ciudad Victoria.<\/p>\n\n\n\n<p>Refiri\u00f3 que para complementar la jornada del tianguis, tambi\u00e9n habr\u00e1 charlas de especialistas sobre tendencias del mercado, innovaci\u00f3n y estrategias de marketing en turismo.<\/p>\n\n\n\n<p>\u201cLos profesionales del sector tur\u00edstico, desde agentes de viajes, operadores, proveedores y profesionales de reuniones, concretar\u00e1n acciones a trav\u00e9s de citas de negocios\u201d, explic\u00f3.<\/p>\n\n\n\n<p>Tamaulipas presentar\u00e1 los diversos destinos tur\u00edsticos, desde Pueblos M\u00e1gicos, playas, lugares con mucha historia, resorts y mucho m\u00e1s, ya que existe una gran variedad tur\u00edstica, para todos los gustos, para todos los niveles, ya sea en familia, en grupos reducidos o para grandes eventos, expres\u00f3.<\/p>\n\n\n\n<p>\u201cTal como lo se\u00f1ala el gobernador Am\u00e9rico Villarreal Anaya se trabaja en pro de la transformaci\u00f3n, para lograr un estado pr\u00f3spero y solidario, con una sociedad colaborativa y participativa, donde todos estemos incluidos para lograr un mejor futuro y bienestar para todos\u201d, concluy\u00f3.<\/p>\n","protected":false},"excerpt":{"rendered":"<p>\u2014Mostrar\u00e1n la riqueza artesanal, gastron\u00f3mica y los atractivos de Tamaulipas a trav\u00e9s de Tula, Mier y Ciudad Victoria Por: Agencias Ciudad Victoria, Tamaulipas.-Con exhibiciones de m\u00fasica, danza, gastronom\u00eda, artesan\u00edas, as\u00ed como la presentaci\u00f3n del amplio abanico de destinos y paquetes tur\u00edsticos del estado, Tamaulipas estar\u00e1 presente en la 6a Edici\u00f3n del Tianguis Nacional de Pueblos [&hellip;]<\/p>\n","protected":false},"author":1,"featured_media":9244,"comment_status":"open","ping_status":"open","sticky":false,"template":"","format":"standard","meta":{"footnotes":""},"categories":[53],"tags":[],"class_list":{"0":"post-9243","1":"post","2":"type-post","3":"status-publish","4":"format-standard","5":"has-post-thumbnail","7":"category-tamaulipas"},"amp_enabled":true,"_links":{"self":[{"href":"https:\/\/luisvaltierranoticias.com\/index.php?rest_route=\/wp\/v2\/posts\/9243","targetHints":{"allow":["GET"]}}],"collection":[{"href":"https:\/\/luisvaltierranoticias.com\/index.php?rest_route=\/wp\/v2\/posts"}],"about":[{"href":"https:\/\/luisvaltierranoticias.com\/index.php?rest_route=\/wp\/v2\/types\/post"}],"author":[{"embeddable":true,"href":"https:\/\/luisvaltierranoticias.com\/index.php?rest_route=\/wp\/v2\/users\/1"}],"replies":[{"embeddable":true,"href":"https:\/\/luisvaltierranoticias.com\/index.php?rest_route=%2Fwp%2Fv2%2Fcomments&post=9243"}],"version-history":[{"count":1,"href":"https:\/\/luisvaltierranoticias.com\/index.php?rest_route=\/wp\/v2\/posts\/9243\/revisions"}],"predecessor-version":[{"id":9245,"href":"https:\/\/luisvaltierranoticias.com\/index.php?rest_route=\/wp\/v2\/posts\/9243\/revisions\/9245"}],"wp:featuredmedia":[{"embeddable":true,"href":"https:\/\/luisvaltierranoticias.com\/index.php?rest_route=\/wp\/v2\/media\/9244"}],"wp:attachment":[{"href":"https:\/\/luisvaltierranoticias.com\/index.php?rest_route=%2Fwp%2Fv2%2Fmedia&parent=9243"}],"wp:term":[{"taxonomy":"category","embeddable":true,"href":"https:\/\/luisvaltierranoticias.com\/index.php?rest_route=%2Fwp%2Fv2%2Fcategories&post=9243"},{"taxonomy":"post_tag","embeddable":true,"href":"https:\/\/luisvaltierranoticias.com\/index.php?rest_route=%2Fwp%2Fv2%2Ftags&post=9243"}],"curies":[{"name":"wp","href":"https:\/\/api.w.org\/{rel}","templated":true}]}}