{"id":9240,"date":"2024-09-08T18:32:39","date_gmt":"2024-09-08T23:32:39","guid":{"rendered":"https:\/\/luisvaltierranoticias.com\/?p=9240"},"modified":"2024-09-08T18:32:41","modified_gmt":"2024-09-08T23:32:41","slug":"celebran-americo-y-maria-25-aniversario-de-la-rondalla-del-hospital-de-victoria","status":"publish","type":"post","link":"https:\/\/luisvaltierranoticias.com\/?p=9240","title":{"rendered":"Celebran Am\u00e9rico y Mar\u00eda 25 aniversario de la rondalla del hospital de Victoria"},"content":{"rendered":"\n<p>-La agrupaci\u00f3n ha ganado cinco campeonatos nacionales como la mejor del pa\u00eds y es la \u00fanica de su g\u00e9nero en el sector salud<\/p>\n\n\n\n<p>Septiembre 08 de 2024<\/p>\n\n\n\n<p>Ciudad Victoria, Tamaulipas.- El gobernador Am\u00e9rico Villarreal Anaya apadrin\u00f3 la celebraci\u00f3n del 25 aniversario de la rondalla del Hospital General &#8220;Dr. Norberto Trevi\u00f1o Zapata&#8221;, agrupaci\u00f3n que impuls\u00f3 en 1999 cuando fung\u00eda como director de dicho centro hospitalario en Ciudad Victoria.<\/p>\n\n\n\n<p>Acompa\u00f1ado por la presidenta del DIF Tamaulipas, doctora Mar\u00eda de Villarreal, el gobernador disfrut\u00f3 del concierto de gala durante dos horas en el teatro Amalia G. de Castillo Led\u00f3n, y record\u00f3 los inicios de la rondalla y su participaci\u00f3n en los congresos m\u00e9dicos organizados en el Hospital General.<\/p>\n\n\n\n<p>&#8220;Lo importante es volver a convivir, juntarnos, vernos y poder rememorar esos momentos (\u2026) en los que podemos exaltar los valores realmente del ser humano&#8221;, dijo en su mensaje tras ser invitado a subir al escenario a recibir un reconocimiento por su apoyo a la rondalla.<\/p>\n\n\n\n<p>El concierto inici\u00f3 con la participaci\u00f3n de siete de los nueve fundadores de la rondalla: Mario Alberto Lauren, Mart\u00edn Galv\u00e1n Salinas, Sergio Gonz\u00e1lez Vel\u00e1zquez, Jos\u00e9 Luis Jasso, Esteban Castillo L\u00f3pez, V\u00edctor Rodr\u00edguez Herrera y Mart\u00edn Rodr\u00edguez Alcocer; posteriormente se sumaron otros 13 integrantes.<\/p>\n\n\n\n<p>Bajo la direcci\u00f3n musical del maestro Gerardo Pinson Dom\u00ednguez, la rondalla, que ha ganado cinco campeonatos nacionales como la mejor del pa\u00eds y es la \u00fanica de su g\u00e9nero en el sector salud, deleit\u00f3 a los asistentes con un amplio repertorio e incluy\u00f3 la participaci\u00f3n de Sebasti\u00e1n Galv\u00e1n en el acorde\u00f3n, del saxofonista David Mancilla y de integrantes del grupo de danza Tamat\u00e1n, a cargo de Miguel Olivares.<\/p>\n\n\n\n<p>Tambi\u00e9n se rindi\u00f3 homenaje a integrantes de la rondalla que ya han fallecido: Jorge Castillo, Manuel Olvera, Ram\u00f3n Ter\u00e1n y Ra\u00fal Carrillo.<\/p>\n\n\n\n<p>Como regalo especial por el 25 aniversario de la rondalla, el gobernador Am\u00e9rico Villarreal anunci\u00f3 que todos los integrantes de la agrupaci\u00f3n recibir\u00e1n como obsequio la tradicional cuera tamaulipeca.<\/p>\n\n\n\n<p>&#8220;Creo que no ser\u00eda un regalo de nosotros, no ser\u00eda un regalo del gobierno, sino de todos los aqu\u00ed presentes a trav\u00e9s de su gobierno, que seguramente no tendr\u00e1 nadie inconveniente en que le demos a cada uno de ellos una cuera tamaulipeca&#8221;, expres\u00f3 ante el aplauso de los presentes.<\/p>\n\n\n\n<p>Para finalizar el concierto y a petici\u00f3n del p\u00fablico, la rondalla interpret\u00f3 el Cuerudo Tamaulipeco.<\/p>\n\n\n\n<p>Al concierto tambi\u00e9n asisti\u00f3 Vicente Joel Hern\u00e1ndez Navarro, secretario de Salud del estado, as\u00ed como el director del Hospital General, Dr. Guillermo Eduardo Casta\u00f1eda Guti\u00e9rrez, adem\u00e1s de directores y funcionarios de las diferentes unidades m\u00e9dicas de esta capital.<\/p>\n","protected":false},"excerpt":{"rendered":"<p>-La agrupaci\u00f3n ha ganado cinco campeonatos nacionales como la mejor del pa\u00eds y es la \u00fanica de su g\u00e9nero en el sector salud Septiembre 08 de 2024 Ciudad Victoria, Tamaulipas.- El gobernador Am\u00e9rico Villarreal Anaya apadrin\u00f3 la celebraci\u00f3n del 25 aniversario de la rondalla del Hospital General &#8220;Dr. Norberto Trevi\u00f1o Zapata&#8221;, agrupaci\u00f3n que impuls\u00f3 en [&hellip;]<\/p>\n","protected":false},"author":1,"featured_media":9241,"comment_status":"open","ping_status":"open","sticky":false,"template":"","format":"standard","meta":{"footnotes":""},"categories":[53],"tags":[],"class_list":{"0":"post-9240","1":"post","2":"type-post","3":"status-publish","4":"format-standard","5":"has-post-thumbnail","7":"category-tamaulipas"},"amp_enabled":true,"_links":{"self":[{"href":"https:\/\/luisvaltierranoticias.com\/index.php?rest_route=\/wp\/v2\/posts\/9240","targetHints":{"allow":["GET"]}}],"collection":[{"href":"https:\/\/luisvaltierranoticias.com\/index.php?rest_route=\/wp\/v2\/posts"}],"about":[{"href":"https:\/\/luisvaltierranoticias.com\/index.php?rest_route=\/wp\/v2\/types\/post"}],"author":[{"embeddable":true,"href":"https:\/\/luisvaltierranoticias.com\/index.php?rest_route=\/wp\/v2\/users\/1"}],"replies":[{"embeddable":true,"href":"https:\/\/luisvaltierranoticias.com\/index.php?rest_route=%2Fwp%2Fv2%2Fcomments&post=9240"}],"version-history":[{"count":1,"href":"https:\/\/luisvaltierranoticias.com\/index.php?rest_route=\/wp\/v2\/posts\/9240\/revisions"}],"predecessor-version":[{"id":9242,"href":"https:\/\/luisvaltierranoticias.com\/index.php?rest_route=\/wp\/v2\/posts\/9240\/revisions\/9242"}],"wp:featuredmedia":[{"embeddable":true,"href":"https:\/\/luisvaltierranoticias.com\/index.php?rest_route=\/wp\/v2\/media\/9241"}],"wp:attachment":[{"href":"https:\/\/luisvaltierranoticias.com\/index.php?rest_route=%2Fwp%2Fv2%2Fmedia&parent=9240"}],"wp:term":[{"taxonomy":"category","embeddable":true,"href":"https:\/\/luisvaltierranoticias.com\/index.php?rest_route=%2Fwp%2Fv2%2Fcategories&post=9240"},{"taxonomy":"post_tag","embeddable":true,"href":"https:\/\/luisvaltierranoticias.com\/index.php?rest_route=%2Fwp%2Fv2%2Ftags&post=9240"}],"curies":[{"name":"wp","href":"https:\/\/api.w.org\/{rel}","templated":true}]}}