{"id":9235,"date":"2024-09-08T18:19:01","date_gmt":"2024-09-08T23:19:01","guid":{"rendered":"https:\/\/luisvaltierranoticias.com\/?p=9235"},"modified":"2024-09-08T18:19:03","modified_gmt":"2024-09-08T23:19:03","slug":"es-nuevo-laredo-sede-de-torneo-estatal-de-gimnasia-ritmica-por-primera-vez","status":"publish","type":"post","link":"https:\/\/luisvaltierranoticias.com\/?p=9235","title":{"rendered":"ES NUEVO LAREDO SEDE DE TORNEO ESTATAL DE GIMNASIA R\u00cdTMICA POR PRIMERA VEZ"},"content":{"rendered":"\n<p>Por: Staff | #NuevoLaredo #Laredo #NLD #Tamaulipas<\/p>\n\n\n\n<p>Para formar a la selecci\u00f3n de gimnasia r\u00edtmica qu\u00e9 representar\u00e1 a Tamaulipas y por primera vez en Nuevo Laredo, se llev\u00f3 a cabo un torneo estatal de esa disciplina en la que participaron ocho clubes tamaulipecos de ese deporte.<\/p>\n\n\n\n<p>La presidenta de la Asociaci\u00f3n de Gimnasia, Norma Isela Meza P\u00e9rez, agradeci\u00f3 al Gobierno Municipal por todas las facilidades para que el torneo estatal, igual que la copa Nuevo Laredo, se llevaran a cabo con \u00e9xito.<\/p>\n\n\n\n<p>&#8220;Los eventos se desarrollaron impecablemente, ahora nos preparamos para elegir a quienes estar\u00e1n en la selecci\u00f3n estatal qu\u00e9 ser\u00e1 en M\u00e9rida, Yucat\u00e1n&#8221;, destac\u00f3.<\/p>\n\n\n\n<p>Las categor\u00edas que participaron fueron: Clase V; IV B y C; 3 B y 3 C; 2 B, en modalidades de Pelota, Manos Libres, All Around, entre otras.<\/p>\n\n\n\n<p>Como resultado, cuatro gimnastas neolaredenses ocuparon un lugar en el podio en diversas categor\u00edas, dos de ellas, Karyme Hinojosa Ch\u00e1vez e Irene Acosta, con el primer lugar, as\u00ed como Daniela Brizuela y Alondra Garc\u00eda.<\/p>\n\n\n\n<p>La competici\u00f3n estatal de gimnasia r\u00edtmica se llev\u00f3 a cabo en el Polyforum La Fe, donde las gimnastas compitieron para buscar un lugar en el selectivo que representar\u00e1 a Tamaulipas en el nacional.<\/p>\n","protected":false},"excerpt":{"rendered":"<p>Por: Staff | #NuevoLaredo #Laredo #NLD #Tamaulipas Para formar a la selecci\u00f3n de gimnasia r\u00edtmica qu\u00e9 representar\u00e1 a Tamaulipas y por primera vez en Nuevo Laredo, se llev\u00f3 a cabo un torneo estatal de esa disciplina en la que participaron ocho clubes tamaulipecos de ese deporte. La presidenta de la Asociaci\u00f3n de Gimnasia, Norma Isela [&hellip;]<\/p>\n","protected":false},"author":1,"featured_media":9236,"comment_status":"open","ping_status":"open","sticky":false,"template":"","format":"standard","meta":{"footnotes":""},"categories":[59,31],"tags":[],"class_list":{"0":"post-9235","1":"post","2":"type-post","3":"status-publish","4":"format-standard","5":"has-post-thumbnail","7":"category-destacado","8":"category-nuevo-laredo"},"amp_enabled":true,"_links":{"self":[{"href":"https:\/\/luisvaltierranoticias.com\/index.php?rest_route=\/wp\/v2\/posts\/9235","targetHints":{"allow":["GET"]}}],"collection":[{"href":"https:\/\/luisvaltierranoticias.com\/index.php?rest_route=\/wp\/v2\/posts"}],"about":[{"href":"https:\/\/luisvaltierranoticias.com\/index.php?rest_route=\/wp\/v2\/types\/post"}],"author":[{"embeddable":true,"href":"https:\/\/luisvaltierranoticias.com\/index.php?rest_route=\/wp\/v2\/users\/1"}],"replies":[{"embeddable":true,"href":"https:\/\/luisvaltierranoticias.com\/index.php?rest_route=%2Fwp%2Fv2%2Fcomments&post=9235"}],"version-history":[{"count":1,"href":"https:\/\/luisvaltierranoticias.com\/index.php?rest_route=\/wp\/v2\/posts\/9235\/revisions"}],"predecessor-version":[{"id":9237,"href":"https:\/\/luisvaltierranoticias.com\/index.php?rest_route=\/wp\/v2\/posts\/9235\/revisions\/9237"}],"wp:featuredmedia":[{"embeddable":true,"href":"https:\/\/luisvaltierranoticias.com\/index.php?rest_route=\/wp\/v2\/media\/9236"}],"wp:attachment":[{"href":"https:\/\/luisvaltierranoticias.com\/index.php?rest_route=%2Fwp%2Fv2%2Fmedia&parent=9235"}],"wp:term":[{"taxonomy":"category","embeddable":true,"href":"https:\/\/luisvaltierranoticias.com\/index.php?rest_route=%2Fwp%2Fv2%2Fcategories&post=9235"},{"taxonomy":"post_tag","embeddable":true,"href":"https:\/\/luisvaltierranoticias.com\/index.php?rest_route=%2Fwp%2Fv2%2Ftags&post=9235"}],"curies":[{"name":"wp","href":"https:\/\/api.w.org\/{rel}","templated":true}]}}