{"id":9226,"date":"2024-09-08T17:52:13","date_gmt":"2024-09-08T22:52:13","guid":{"rendered":"https:\/\/luisvaltierranoticias.com\/?p=9226"},"modified":"2024-09-08T17:52:15","modified_gmt":"2024-09-08T22:52:15","slug":"empresas-y-maquiladoras-ofrecen-mas-de-500-vacantes-en-el-programa-empleo-en-tu-colonia","status":"publish","type":"post","link":"https:\/\/luisvaltierranoticias.com\/?p=9226","title":{"rendered":"EMPRESAS Y MAQUILADORAS OFRECEN M\u00c1S DE 500 VACANTES EN EL PROGRAMA &#8220;EMPLEO EN TU COLONIA&#8221;"},"content":{"rendered":"\n<p>Por: Staff | #NuevoLaredo #Laredo #NLD #Tamaulipas<\/p>\n\n\n\n<p>Este viernes, diversas maquiladoras, empresas de distintos giros y agencias aduanales participaron en el programa municipal &#8220;Empleo en tu colonia&#8221;, ofreciendo m\u00e1s de 500 oportunidades de trabajo a los ciudadanos.<\/p>\n\n\n\n<p>En esta ocasi\u00f3n, el evento se llev\u00f3 a cabo en la explanada &#8220;Esteban Baca Calder\u00f3n&#8221; de 9:00 de la ma\u00f1ana a 1:00 de la tarde. Durante ese tiempo, los asistentes tuvieron la oportunidad de ser vinculados con alguna de las empresas participantes y buscar opciones laborales.<\/p>\n\n\n\n<p>Con este programa el Gobierno Municipal busca facilitar el acceso al empleo y fortalecer la econom\u00eda local, acercando a las empresas con la ciudadan\u00eda.<\/p>\n","protected":false},"excerpt":{"rendered":"<p>Por: Staff | #NuevoLaredo #Laredo #NLD #Tamaulipas Este viernes, diversas maquiladoras, empresas de distintos giros y agencias aduanales participaron en el programa municipal &#8220;Empleo en tu colonia&#8221;, ofreciendo m\u00e1s de 500 oportunidades de trabajo a los ciudadanos. En esta ocasi\u00f3n, el evento se llev\u00f3 a cabo en la explanada &#8220;Esteban Baca Calder\u00f3n&#8221; de 9:00 de [&hellip;]<\/p>\n","protected":false},"author":1,"featured_media":9227,"comment_status":"open","ping_status":"open","sticky":false,"template":"","format":"standard","meta":{"footnotes":""},"categories":[31],"tags":[],"class_list":{"0":"post-9226","1":"post","2":"type-post","3":"status-publish","4":"format-standard","5":"has-post-thumbnail","7":"category-nuevo-laredo"},"amp_enabled":true,"_links":{"self":[{"href":"https:\/\/luisvaltierranoticias.com\/index.php?rest_route=\/wp\/v2\/posts\/9226","targetHints":{"allow":["GET"]}}],"collection":[{"href":"https:\/\/luisvaltierranoticias.com\/index.php?rest_route=\/wp\/v2\/posts"}],"about":[{"href":"https:\/\/luisvaltierranoticias.com\/index.php?rest_route=\/wp\/v2\/types\/post"}],"author":[{"embeddable":true,"href":"https:\/\/luisvaltierranoticias.com\/index.php?rest_route=\/wp\/v2\/users\/1"}],"replies":[{"embeddable":true,"href":"https:\/\/luisvaltierranoticias.com\/index.php?rest_route=%2Fwp%2Fv2%2Fcomments&post=9226"}],"version-history":[{"count":1,"href":"https:\/\/luisvaltierranoticias.com\/index.php?rest_route=\/wp\/v2\/posts\/9226\/revisions"}],"predecessor-version":[{"id":9228,"href":"https:\/\/luisvaltierranoticias.com\/index.php?rest_route=\/wp\/v2\/posts\/9226\/revisions\/9228"}],"wp:featuredmedia":[{"embeddable":true,"href":"https:\/\/luisvaltierranoticias.com\/index.php?rest_route=\/wp\/v2\/media\/9227"}],"wp:attachment":[{"href":"https:\/\/luisvaltierranoticias.com\/index.php?rest_route=%2Fwp%2Fv2%2Fmedia&parent=9226"}],"wp:term":[{"taxonomy":"category","embeddable":true,"href":"https:\/\/luisvaltierranoticias.com\/index.php?rest_route=%2Fwp%2Fv2%2Fcategories&post=9226"},{"taxonomy":"post_tag","embeddable":true,"href":"https:\/\/luisvaltierranoticias.com\/index.php?rest_route=%2Fwp%2Fv2%2Ftags&post=9226"}],"curies":[{"name":"wp","href":"https:\/\/api.w.org\/{rel}","templated":true}]}}