{"id":9210,"date":"2024-09-05T17:21:35","date_gmt":"2024-09-05T22:21:35","guid":{"rendered":"https:\/\/luisvaltierranoticias.com\/?p=9210"},"modified":"2024-09-05T17:21:36","modified_gmt":"2024-09-05T22:21:36","slug":"concientizan-a-estudiantes-sobre-retos-virales-en-redes-sociales","status":"publish","type":"post","link":"https:\/\/luisvaltierranoticias.com\/?p=9210","title":{"rendered":"Concientizan a estudiantes sobre retos virales en redes sociales"},"content":{"rendered":"\n<p>-La Secretar\u00eda de Educaci\u00f3n y la Fiscal\u00eda General de Justicia del Estado colaboran para impartir conferencia virtual a 4 mil 500 estudiantes del nivel medio superior<\/p>\n\n\n\n<p>Por: Agencias<\/p>\n\n\n\n<p>Ciudad Victoria, Tamaulipas.\u2013 Con la finalidad de concientizar a las y los adolescentes sobre los peligros que implican los retos virales que se difunden en las redes sociales, la Secretar\u00eda de Educaci\u00f3n de Tamaulipas, a trav\u00e9s de la Subsecretar\u00eda de Educaci\u00f3n Media Superior y Superior y en coordinaci\u00f3n con la Fiscal\u00eda General de Justicia del Estado de Tamaulipas, impartieron la conferencia virtual \u2018Riesgos que implica la realizaci\u00f3n de retos virales surgidos en redes sociales\u2019.<\/p>\n\n\n\n<p>La Unidad de la Polic\u00eda Cibern\u00e9tica de la Fiscal\u00eda fue quien imparti\u00f3 dicha ponencia en un par de ocasiones, con un alcance de alrededor de 4 mil 500 estudiantes provenientes de instituciones educativas del nivel medio superior de 37 municipios.<\/p>\n\n\n\n<p>Durante la conferencia se destac\u00f3 que si bien el internet y las redes sociales brindan grandes oportunidades para acceder a informaci\u00f3n, realizar actividades acad\u00e9micas y estar en contacto con seres queridos y amistades; tambi\u00e9n se requiere que las y los j\u00f3venes conozcan cu\u00e1les son los riesgos a los que se exponen.<\/p>\n\n\n\n<p>Se precis\u00f3 que entre los principales riesgos a los que se exponen las y los internautas, se encuentran distintas formas de violencia e incluso diversos il\u00edcitos, como son el ciberacoso, el robo de datos personales, la suplantaci\u00f3n de identidad y los retos virales en las redes sociales, que muchas veces ponen en riesgo la vida de quienes los llevan a cabo.<\/p>\n\n\n\n<p>Cabe destacar que esta iniciativa de colaboraci\u00f3n entre ambas instituciones, surge por una invitaci\u00f3n hecha a la Secretar\u00eda de Educaci\u00f3n P\u00fablica, resultado de un exhorto realizado por la Comisi\u00f3n Permanente del H. Congreso de la Uni\u00f3n, en el sentido de implementar actividades para prevenir los riesgos a los que est\u00e1n expuestos las y los j\u00f3venes en el \u00e1mbito de las redes sociales y el internet.<\/p>\n\n\n\n<p>Con estas iniciativas se refuerza el compromiso del Gobierno de Estado, que dirige Am\u00e9rico Villarreal Anaya, que impulsa pol\u00edticas educativas que contribuyen a la mejora continua de la formaci\u00f3n en los \u00e1mbitos acad\u00e9mico, c\u00edvico, de valores y principios, en favor del crecimiento y bienestar de las y los j\u00f3venes de Tamaulipas.<\/p>\n","protected":false},"excerpt":{"rendered":"<p>-La Secretar\u00eda de Educaci\u00f3n y la Fiscal\u00eda General de Justicia del Estado colaboran para impartir conferencia virtual a 4 mil 500 estudiantes del nivel medio superior Por: Agencias Ciudad Victoria, Tamaulipas.\u2013 Con la finalidad de concientizar a las y los adolescentes sobre los peligros que implican los retos virales que se difunden en las redes [&hellip;]<\/p>\n","protected":false},"author":1,"featured_media":9211,"comment_status":"open","ping_status":"open","sticky":false,"template":"","format":"standard","meta":{"footnotes":""},"categories":[53],"tags":[],"class_list":{"0":"post-9210","1":"post","2":"type-post","3":"status-publish","4":"format-standard","5":"has-post-thumbnail","7":"category-tamaulipas"},"amp_enabled":true,"_links":{"self":[{"href":"https:\/\/luisvaltierranoticias.com\/index.php?rest_route=\/wp\/v2\/posts\/9210","targetHints":{"allow":["GET"]}}],"collection":[{"href":"https:\/\/luisvaltierranoticias.com\/index.php?rest_route=\/wp\/v2\/posts"}],"about":[{"href":"https:\/\/luisvaltierranoticias.com\/index.php?rest_route=\/wp\/v2\/types\/post"}],"author":[{"embeddable":true,"href":"https:\/\/luisvaltierranoticias.com\/index.php?rest_route=\/wp\/v2\/users\/1"}],"replies":[{"embeddable":true,"href":"https:\/\/luisvaltierranoticias.com\/index.php?rest_route=%2Fwp%2Fv2%2Fcomments&post=9210"}],"version-history":[{"count":1,"href":"https:\/\/luisvaltierranoticias.com\/index.php?rest_route=\/wp\/v2\/posts\/9210\/revisions"}],"predecessor-version":[{"id":9212,"href":"https:\/\/luisvaltierranoticias.com\/index.php?rest_route=\/wp\/v2\/posts\/9210\/revisions\/9212"}],"wp:featuredmedia":[{"embeddable":true,"href":"https:\/\/luisvaltierranoticias.com\/index.php?rest_route=\/wp\/v2\/media\/9211"}],"wp:attachment":[{"href":"https:\/\/luisvaltierranoticias.com\/index.php?rest_route=%2Fwp%2Fv2%2Fmedia&parent=9210"}],"wp:term":[{"taxonomy":"category","embeddable":true,"href":"https:\/\/luisvaltierranoticias.com\/index.php?rest_route=%2Fwp%2Fv2%2Fcategories&post=9210"},{"taxonomy":"post_tag","embeddable":true,"href":"https:\/\/luisvaltierranoticias.com\/index.php?rest_route=%2Fwp%2Fv2%2Ftags&post=9210"}],"curies":[{"name":"wp","href":"https:\/\/api.w.org\/{rel}","templated":true}]}}