{"id":9198,"date":"2024-09-05T16:44:36","date_gmt":"2024-09-05T21:44:36","guid":{"rendered":"https:\/\/luisvaltierranoticias.com\/?p=9198"},"modified":"2024-09-05T16:48:52","modified_gmt":"2024-09-05T21:48:52","slug":"anuncia-alcaldesa-carmen-lilia-canturosas-fiesta-mexicana-con-la-presentacion-de-gloria-trevi-y-grupo-solido","status":"publish","type":"post","link":"https:\/\/luisvaltierranoticias.com\/?p=9198","title":{"rendered":"ANUNCIA ALCALDESA CARMEN LILIA CANTUROSAS \u201cFIESTA MEXICANA\u201d CON LA PRESENTACI\u00d3N DE GLORIA TREVI Y GRUPO S\u00d3LIDO"},"content":{"rendered":"\n<p>Por: Staff | #NuevoLaredo #Laredo #NLD #Tamaulipas<\/p>\n\n\n\n<p>Una gran celebraci\u00f3n se espera para conmemorar el tradicional Grito de la Independencia este 15 de Septiembre con una \u201cFiesta Mexicana\u201d que contar\u00e1 con la presentaci\u00f3n en vivo de Gloria Trevi y Grupo S\u00f3lido.<\/p>\n\n\n\n<p>La alcaldesa Carmen Lilia Canturosas Villarreal dio a conocer que este evento estar\u00e1 lleno de color, m\u00fasica y un ambiente 100 por ciento familiar para que todos los neolaredenses lo disfruten.<\/p>\n\n\n\n<p>\u201cNos da mucho gusto compartirles que celebraremos esta fecha tan especial y significativa para todos los mexicanos, es un evento que lo hacemos con mucho cari\u00f1o y con fervor patrio para mantener nuestros valores y tradiciones mexicanas\u201d, indic\u00f3 Canturosas Villarreal.<\/p>\n\n\n\n<p>La alcaldesa extendi\u00f3 una invitaci\u00f3n a toda la comunidad para que asista y disfrute de las celebraciones, que incluir\u00e1n un espect\u00e1culo de pirotecnia con los colores tradicionales de la Independencia.<\/p>\n\n\n\n<p>A este evento se espera la asistencia de miles de ciudadanos para que disfruten y canten \u00e9xitos de la cantante como \u201cTodos me miran\u201d, \u201cPelo Suelto\u201d, \u201cCinco Minutos\u201d entre otras canciones.<\/p>\n\n\n\n<p>Pero tambi\u00e9n para las personas que les guste el g\u00e9nero norte\u00f1o deleitar\u00e1n sus o\u00eddos con \u201cHasta la Cima del Cielo\u201d, \u201cNada De Ti\u201d, \u201cYa No Eres La Misma\u201d que pondr\u00e1n a bailar a los asistentes.<\/p>\n\n\n\n<p>La Fiesta Mexicana se llevar\u00e1 a cabo en la explanada Independencia frente al Palacio Federal a partir de las 7:00 de la tarde.<\/p>\n","protected":false},"excerpt":{"rendered":"<p>Por: Staff | #NuevoLaredo #Laredo #NLD #Tamaulipas Una gran celebraci\u00f3n se espera para conmemorar el tradicional Grito de la Independencia este 15 de Septiembre con una \u201cFiesta Mexicana\u201d que contar\u00e1 con la presentaci\u00f3n en vivo de Gloria Trevi y Grupo S\u00f3lido. La alcaldesa Carmen Lilia Canturosas Villarreal dio a conocer que este evento estar\u00e1 lleno [&hellip;]<\/p>\n","protected":false},"author":1,"featured_media":9199,"comment_status":"open","ping_status":"open","sticky":false,"template":"","format":"standard","meta":{"footnotes":""},"categories":[59,31],"tags":[],"class_list":{"0":"post-9198","1":"post","2":"type-post","3":"status-publish","4":"format-standard","5":"has-post-thumbnail","7":"category-destacado","8":"category-nuevo-laredo"},"amp_enabled":true,"_links":{"self":[{"href":"https:\/\/luisvaltierranoticias.com\/index.php?rest_route=\/wp\/v2\/posts\/9198","targetHints":{"allow":["GET"]}}],"collection":[{"href":"https:\/\/luisvaltierranoticias.com\/index.php?rest_route=\/wp\/v2\/posts"}],"about":[{"href":"https:\/\/luisvaltierranoticias.com\/index.php?rest_route=\/wp\/v2\/types\/post"}],"author":[{"embeddable":true,"href":"https:\/\/luisvaltierranoticias.com\/index.php?rest_route=\/wp\/v2\/users\/1"}],"replies":[{"embeddable":true,"href":"https:\/\/luisvaltierranoticias.com\/index.php?rest_route=%2Fwp%2Fv2%2Fcomments&post=9198"}],"version-history":[{"count":1,"href":"https:\/\/luisvaltierranoticias.com\/index.php?rest_route=\/wp\/v2\/posts\/9198\/revisions"}],"predecessor-version":[{"id":9200,"href":"https:\/\/luisvaltierranoticias.com\/index.php?rest_route=\/wp\/v2\/posts\/9198\/revisions\/9200"}],"wp:featuredmedia":[{"embeddable":true,"href":"https:\/\/luisvaltierranoticias.com\/index.php?rest_route=\/wp\/v2\/media\/9199"}],"wp:attachment":[{"href":"https:\/\/luisvaltierranoticias.com\/index.php?rest_route=%2Fwp%2Fv2%2Fmedia&parent=9198"}],"wp:term":[{"taxonomy":"category","embeddable":true,"href":"https:\/\/luisvaltierranoticias.com\/index.php?rest_route=%2Fwp%2Fv2%2Fcategories&post=9198"},{"taxonomy":"post_tag","embeddable":true,"href":"https:\/\/luisvaltierranoticias.com\/index.php?rest_route=%2Fwp%2Fv2%2Ftags&post=9198"}],"curies":[{"name":"wp","href":"https:\/\/api.w.org\/{rel}","templated":true}]}}