{"id":9195,"date":"2024-09-05T14:34:44","date_gmt":"2024-09-05T19:34:44","guid":{"rendered":"https:\/\/luisvaltierranoticias.com\/?p=9195"},"modified":"2024-09-05T14:34:45","modified_gmt":"2024-09-05T19:34:45","slug":"este-viernes-es-el-ultimo-dia-de-inscripciones-abiertas-en-la-escuela-de-musica-del-dif","status":"publish","type":"post","link":"https:\/\/luisvaltierranoticias.com\/?p=9195","title":{"rendered":"ESTE VIERNES ES EL \u00daLTIMO D\u00cdA DE INSCRIPCIONES ABIERTAS EN LA ESCUELA DE M\u00daSICA DEL DIF"},"content":{"rendered":"\n<p>Por: Staff | #NuevoLaredo #Laredo #NLD #Tamaulipas<\/p>\n\n\n\n<p>El pr\u00f3ximo viernes 6 de septiembre es el \u00faltimo d\u00eda en el que permanecen abiertas las inscripciones en la Escuela de M\u00fasica del DIF, que ofrece clases gratuitas en 10 instrumentos diferentes. Los interesados pueden acudir en el horario de 9:00 a.m. a 2:00 p.m. y de 3:00 p.m. a 6:00 p.m. a las instalaciones de la Escuela de M\u00fasica, ubicada en Eva S\u00e1mano 1511, colonia La Fe.<\/p>\n\n\n\n<p>La variedad de los cursos incluye canto y diferentes instrumentos como percusi\u00f3n, viol\u00edn, teclado, guitarra ac\u00fastica y el\u00e9ctrica, ukelele, bater\u00eda, flauta moderna, clarinete, saxof\u00f3n, trompeta, bugle, corno franc\u00e9s, bar\u00edtono, tromb\u00f3n y tuba, as\u00ed como clases de coro.<\/p>\n\n\n\n<p>Jos\u00e9 Luis Pintado, director general del Sistema DIF, mencion\u00f3 que en la escuela se brindan herramientas a los menores y sus familias para mejorar su calidad de vida.<\/p>\n\n\n\n<p>\u201cA trav\u00e9s de la m\u00fasica, impactamos positivamente en el desarrollo integral de personas de todas las edades, porque se fomenta el desarrollo cognitivo y emocional en ni\u00f1as, ni\u00f1os y adultos\u201d, dijo.<\/p>\n\n\n\n<p>Agreg\u00f3 que en esta escuela se ofrecen clases de m\u00fasica para personas con discapacidad.<\/p>\n\n\n\n<p>Los requisitos para la inscripci\u00f3n son: copia del acta de nacimiento, copia del CURP, copia de comprobante de domicilio, copia de la credencial INE (de padre, madre o tutor, si es menor de edad), dos fotograf\u00edas tama\u00f1o infantil y contar con instrumento propio.<\/p>\n","protected":false},"excerpt":{"rendered":"<p>Por: Staff | #NuevoLaredo #Laredo #NLD #Tamaulipas El pr\u00f3ximo viernes 6 de septiembre es el \u00faltimo d\u00eda en el que permanecen abiertas las inscripciones en la Escuela de M\u00fasica del DIF, que ofrece clases gratuitas en 10 instrumentos diferentes. Los interesados pueden acudir en el horario de 9:00 a.m. a 2:00 p.m. y de 3:00 [&hellip;]<\/p>\n","protected":false},"author":1,"featured_media":9196,"comment_status":"open","ping_status":"open","sticky":false,"template":"","format":"standard","meta":{"footnotes":""},"categories":[31],"tags":[],"class_list":{"0":"post-9195","1":"post","2":"type-post","3":"status-publish","4":"format-standard","5":"has-post-thumbnail","7":"category-nuevo-laredo"},"amp_enabled":true,"_links":{"self":[{"href":"https:\/\/luisvaltierranoticias.com\/index.php?rest_route=\/wp\/v2\/posts\/9195","targetHints":{"allow":["GET"]}}],"collection":[{"href":"https:\/\/luisvaltierranoticias.com\/index.php?rest_route=\/wp\/v2\/posts"}],"about":[{"href":"https:\/\/luisvaltierranoticias.com\/index.php?rest_route=\/wp\/v2\/types\/post"}],"author":[{"embeddable":true,"href":"https:\/\/luisvaltierranoticias.com\/index.php?rest_route=\/wp\/v2\/users\/1"}],"replies":[{"embeddable":true,"href":"https:\/\/luisvaltierranoticias.com\/index.php?rest_route=%2Fwp%2Fv2%2Fcomments&post=9195"}],"version-history":[{"count":1,"href":"https:\/\/luisvaltierranoticias.com\/index.php?rest_route=\/wp\/v2\/posts\/9195\/revisions"}],"predecessor-version":[{"id":9197,"href":"https:\/\/luisvaltierranoticias.com\/index.php?rest_route=\/wp\/v2\/posts\/9195\/revisions\/9197"}],"wp:featuredmedia":[{"embeddable":true,"href":"https:\/\/luisvaltierranoticias.com\/index.php?rest_route=\/wp\/v2\/media\/9196"}],"wp:attachment":[{"href":"https:\/\/luisvaltierranoticias.com\/index.php?rest_route=%2Fwp%2Fv2%2Fmedia&parent=9195"}],"wp:term":[{"taxonomy":"category","embeddable":true,"href":"https:\/\/luisvaltierranoticias.com\/index.php?rest_route=%2Fwp%2Fv2%2Fcategories&post=9195"},{"taxonomy":"post_tag","embeddable":true,"href":"https:\/\/luisvaltierranoticias.com\/index.php?rest_route=%2Fwp%2Fv2%2Ftags&post=9195"}],"curies":[{"name":"wp","href":"https:\/\/api.w.org\/{rel}","templated":true}]}}