{"id":9175,"date":"2024-09-04T16:36:01","date_gmt":"2024-09-04T21:36:01","guid":{"rendered":"https:\/\/luisvaltierranoticias.com\/?p=9175"},"modified":"2024-09-04T16:36:02","modified_gmt":"2024-09-04T21:36:02","slug":"se-suma-sebien-a-lucha-contra-el-dengue","status":"publish","type":"post","link":"https:\/\/luisvaltierranoticias.com\/?p=9175","title":{"rendered":"Se suma SEBIEN a lucha contra el dengue"},"content":{"rendered":"\n<p>Por: Agencias<\/p>\n\n\n\n<p>Ciudad Victoria, Tamaulipas.-En una colaboraci\u00f3n interinstitucional, la Secretar\u00eda de Bienestar Social y la Secretar\u00eda de Salud de Tamaulipas preparan la implementaci\u00f3n de las &#8220;Brigadas Emergentes contra el Dengue 2024&#8221;. El objetivo principal de esta iniciativa es prevenir y controlar la propagaci\u00f3n del de esta enfermedad, mediante acciones estrat\u00e9gicas impulsadas por el gobierno estatal bajo el liderazgo de Am\u00e9rico Villarreal Anaya.<\/p>\n\n\n\n<p>Ante esto, la secretaria de Bienestar Social, Silvia Casas Gonz\u00e1lez, se reuni\u00f3 con delegados y asistentes t\u00e9cnicos de todo el estado para detallar las acciones encaminadas en este proyecto.<\/p>\n\n\n\n<p>Este apoyo incluye la dispersi\u00f3n de recursos, la integraci\u00f3n de expedientes y la organizaci\u00f3n de los voluntarios que participar\u00e1n en las acciones de nebulizaci\u00f3n y perifoneo en los municipios con mayor riesgo de contagio.<\/p>\n\n\n\n<p>Adem\u00e1s, la Secretar\u00eda de Bienestar Social ser\u00e1 responsable de la evaluaci\u00f3n y seguimiento de este proyecto, asegurando que cada actividad se lleve a cabo con la m\u00e1xima transparencia y eficiencia. Tambi\u00e9n se encargar\u00e1 de la difusi\u00f3n de la campa\u00f1a a trav\u00e9s de sus plataformas de redes sociales, garantizando que la poblaci\u00f3n est\u00e9 informada y preparada para colaborar en la lucha contra el dengue.<\/p>\n\n\n\n<p>Casas Gonz\u00e1lez se\u00f1al\u00f3 que el proyecto responde a las solicitudes de las y los ciudadanos de diversas localidades, y se implementar\u00e1 en coordinaci\u00f3n con las delegaciones de la Secretar\u00eda de Bienestar Social, donde se seleccionar\u00e1n los voluntarios que recibir\u00e1n capacitaci\u00f3n por parte de la Secretar\u00eda de Salud para llevar a cabo las tareas de fumigaci\u00f3n.<\/p>\n\n\n\n<p>Con estas acciones, dijo, el Gobierno de Tamaulipas, reafirma su compromiso con la salud y el bienestar de sus ciudadanos, implementando medidas preventivas que buscan cortar la cadena de transmisi\u00f3n del dengue y proteger a las comunidades m\u00e1s vulnerables.<\/p>\n","protected":false},"excerpt":{"rendered":"<p>Por: Agencias Ciudad Victoria, Tamaulipas.-En una colaboraci\u00f3n interinstitucional, la Secretar\u00eda de Bienestar Social y la Secretar\u00eda de Salud de Tamaulipas preparan la implementaci\u00f3n de las &#8220;Brigadas Emergentes contra el Dengue 2024&#8221;. El objetivo principal de esta iniciativa es prevenir y controlar la propagaci\u00f3n del de esta enfermedad, mediante acciones estrat\u00e9gicas impulsadas por el gobierno estatal [&hellip;]<\/p>\n","protected":false},"author":1,"featured_media":9176,"comment_status":"open","ping_status":"open","sticky":false,"template":"","format":"standard","meta":{"footnotes":""},"categories":[53],"tags":[],"class_list":{"0":"post-9175","1":"post","2":"type-post","3":"status-publish","4":"format-standard","5":"has-post-thumbnail","7":"category-tamaulipas"},"amp_enabled":true,"_links":{"self":[{"href":"https:\/\/luisvaltierranoticias.com\/index.php?rest_route=\/wp\/v2\/posts\/9175","targetHints":{"allow":["GET"]}}],"collection":[{"href":"https:\/\/luisvaltierranoticias.com\/index.php?rest_route=\/wp\/v2\/posts"}],"about":[{"href":"https:\/\/luisvaltierranoticias.com\/index.php?rest_route=\/wp\/v2\/types\/post"}],"author":[{"embeddable":true,"href":"https:\/\/luisvaltierranoticias.com\/index.php?rest_route=\/wp\/v2\/users\/1"}],"replies":[{"embeddable":true,"href":"https:\/\/luisvaltierranoticias.com\/index.php?rest_route=%2Fwp%2Fv2%2Fcomments&post=9175"}],"version-history":[{"count":1,"href":"https:\/\/luisvaltierranoticias.com\/index.php?rest_route=\/wp\/v2\/posts\/9175\/revisions"}],"predecessor-version":[{"id":9177,"href":"https:\/\/luisvaltierranoticias.com\/index.php?rest_route=\/wp\/v2\/posts\/9175\/revisions\/9177"}],"wp:featuredmedia":[{"embeddable":true,"href":"https:\/\/luisvaltierranoticias.com\/index.php?rest_route=\/wp\/v2\/media\/9176"}],"wp:attachment":[{"href":"https:\/\/luisvaltierranoticias.com\/index.php?rest_route=%2Fwp%2Fv2%2Fmedia&parent=9175"}],"wp:term":[{"taxonomy":"category","embeddable":true,"href":"https:\/\/luisvaltierranoticias.com\/index.php?rest_route=%2Fwp%2Fv2%2Fcategories&post=9175"},{"taxonomy":"post_tag","embeddable":true,"href":"https:\/\/luisvaltierranoticias.com\/index.php?rest_route=%2Fwp%2Fv2%2Ftags&post=9175"}],"curies":[{"name":"wp","href":"https:\/\/api.w.org\/{rel}","templated":true}]}}