{"id":7963,"date":"2024-07-10T14:31:29","date_gmt":"2024-07-10T19:31:29","guid":{"rendered":"https:\/\/luisvaltierranoticias.com\/?p=7963"},"modified":"2024-07-10T14:31:32","modified_gmt":"2024-07-10T19:31:32","slug":"restaura-obras-publicas-aguila-del-bicentenario","status":"publish","type":"post","link":"https:\/\/luisvaltierranoticias.com\/?p=7963","title":{"rendered":"Restaura Obras P\u00fablicas \u00c1guila del Bicentenario"},"content":{"rendered":"\n<p>Por: Agencias<\/p>\n\n\n\n<p>Ciudad Victoria, Tamaulipas. &#8211; Como parte fundamental de la identidad de Tamaulipas, el Gobierno del Estado, a trav\u00e9s de la Secretar\u00eda de Obras P\u00fablicas (SOP), trabaja en la preservaci\u00f3n del patrimonio cultural rehabilitando monumentos hist\u00f3ricos, en este caso, la escultura denominada \u201c\u00c1guila del Bicentenario\u201d ubicada en el Centro Gubernamental de la ciudad capital.<\/p>\n\n\n\n<p>El titular de la SOP, Pedro Cepeda Anaya, dijo que iniciaron las labores de rehabilitaci\u00f3n de la citada figura y destac\u00f3 que b\u00e1sicamente se realiza limpieza mec\u00e1nica, retiro de impurezas, algunas soldaduras, adem\u00e1s de la aplicaci\u00f3n de fondo anticorrosivo y pintura con los colores que fue pintada por primera vez.<\/p>\n\n\n\n<p>\u201cLa rehabilitaci\u00f3n de monumentos hist\u00f3ricos es de gran importancia ya que se conserva el patrimonio cultural, el cual se convierte en testimonio tangible de nuestra historia\u201d, expres\u00f3 el secretario.<\/p>\n\n\n\n<p>Apunt\u00f3 que el mantener en buen estado este tipo de obras da identidad al estado, fomenta el orgullo nacional y, por lo tanto, conservarlos fortalece el sentido de pertenencia y cohesi\u00f3n social.<\/p>\n","protected":false},"excerpt":{"rendered":"<p>Por: Agencias Ciudad Victoria, Tamaulipas. &#8211; Como parte fundamental de la identidad de Tamaulipas, el Gobierno del Estado, a trav\u00e9s de la Secretar\u00eda de Obras P\u00fablicas (SOP), trabaja en la preservaci\u00f3n del patrimonio cultural rehabilitando monumentos hist\u00f3ricos, en este caso, la escultura denominada \u201c\u00c1guila del Bicentenario\u201d ubicada en el Centro Gubernamental de la ciudad capital. [&hellip;]<\/p>\n","protected":false},"author":1,"featured_media":7964,"comment_status":"open","ping_status":"open","sticky":false,"template":"","format":"standard","meta":{"footnotes":""},"categories":[53],"tags":[],"class_list":{"0":"post-7963","1":"post","2":"type-post","3":"status-publish","4":"format-standard","5":"has-post-thumbnail","7":"category-tamaulipas"},"amp_enabled":true,"_links":{"self":[{"href":"https:\/\/luisvaltierranoticias.com\/index.php?rest_route=\/wp\/v2\/posts\/7963","targetHints":{"allow":["GET"]}}],"collection":[{"href":"https:\/\/luisvaltierranoticias.com\/index.php?rest_route=\/wp\/v2\/posts"}],"about":[{"href":"https:\/\/luisvaltierranoticias.com\/index.php?rest_route=\/wp\/v2\/types\/post"}],"author":[{"embeddable":true,"href":"https:\/\/luisvaltierranoticias.com\/index.php?rest_route=\/wp\/v2\/users\/1"}],"replies":[{"embeddable":true,"href":"https:\/\/luisvaltierranoticias.com\/index.php?rest_route=%2Fwp%2Fv2%2Fcomments&post=7963"}],"version-history":[{"count":1,"href":"https:\/\/luisvaltierranoticias.com\/index.php?rest_route=\/wp\/v2\/posts\/7963\/revisions"}],"predecessor-version":[{"id":7965,"href":"https:\/\/luisvaltierranoticias.com\/index.php?rest_route=\/wp\/v2\/posts\/7963\/revisions\/7965"}],"wp:featuredmedia":[{"embeddable":true,"href":"https:\/\/luisvaltierranoticias.com\/index.php?rest_route=\/wp\/v2\/media\/7964"}],"wp:attachment":[{"href":"https:\/\/luisvaltierranoticias.com\/index.php?rest_route=%2Fwp%2Fv2%2Fmedia&parent=7963"}],"wp:term":[{"taxonomy":"category","embeddable":true,"href":"https:\/\/luisvaltierranoticias.com\/index.php?rest_route=%2Fwp%2Fv2%2Fcategories&post=7963"},{"taxonomy":"post_tag","embeddable":true,"href":"https:\/\/luisvaltierranoticias.com\/index.php?rest_route=%2Fwp%2Fv2%2Ftags&post=7963"}],"curies":[{"name":"wp","href":"https:\/\/api.w.org\/{rel}","templated":true}]}}