{"id":7960,"date":"2024-07-10T14:19:39","date_gmt":"2024-07-10T19:19:39","guid":{"rendered":"https:\/\/luisvaltierranoticias.com\/?p=7960"},"modified":"2024-07-10T14:19:41","modified_gmt":"2024-07-10T19:19:41","slug":"abren-7-4-negocios-por-semana-en-nuevo-laredo","status":"publish","type":"post","link":"https:\/\/luisvaltierranoticias.com\/?p=7960","title":{"rendered":"ABREN 7.4 NEGOCIOS POR SEMANA EN NUEVO LAREDO"},"content":{"rendered":"\n<p>Por: Staff | #NuevoLaredo #Laredo #NLD #Tamaulipas<\/p>\n\n\n\n<p>El dinamismo econ\u00f3mico que vive Nuevo Laredo en lo que va del a\u00f1o lleva un ritmo acelerado con la apertura en promedio de 7.4 nuevos negocios por semana, seg\u00fan informaci\u00f3n de la Direcci\u00f3n Municipal de Comercio, Empleo y PYMES.<\/p>\n\n\n\n<p>Las pol\u00edticas del Gobierno de Nuevo Laredo est\u00e1n enfocadas en ofrecer facilidades a los emprendedores para que puedan establecerse correctamente y que de esta manera contribuyan al crecimiento de la econom\u00eda local.<\/p>\n\n\n\n<p>Los n\u00fameros son claros, ya que en el reporte de enero a lo que va de este 2024, los nuevos negocios no han bajado de 30 por mes, mismos que son de diversos giros y en todos los sectores de Nuevo Laredo.<\/p>\n\n\n\n<p>En el reporte se indica que en el mes de enero se abrieron 34 nuevos negocios, febrero 32, marzo 31, abril 35, mayo 31 y junio un total de 30.<\/p>\n\n\n\n<p>El sector de la ciudad que m\u00e1s crecimiento reporta es el poniente con el 52% de nuevos negocios, seguido del centro con 28%, el sur con el 18% y oriente un 3%.<\/p>\n\n\n\n<p>De estos el principal giro es el de est\u00e9ticas, barber\u00edas y spa con un 16%, de ah\u00ed le sigue el de restaurantes y alimentos con un 15% y en tercer lugar figura el de taquer\u00edas y snack con un 7%, m\u00e1s un 11% de giros diversos y en menor medida otros como servicios m\u00e9dicos, abarrotes, supermercados, boutique, venta de accesorios, por solo mencionar algunos.<\/p>\n\n\n\n<p>Con estas cifras queda claro lo atractivo que es Nuevo Laredo para inversionistas locales y for\u00e1neos, por lo que se espera que el segundo semestre del a\u00f1o con la llegada de la Agencia Nacional de Aduanas de M\u00e9xico(ANAM), pueda seguir este ritmo en la apertura de negocios.<\/p>\n","protected":false},"excerpt":{"rendered":"<p>Por: Staff | #NuevoLaredo #Laredo #NLD #Tamaulipas El dinamismo econ\u00f3mico que vive Nuevo Laredo en lo que va del a\u00f1o lleva un ritmo acelerado con la apertura en promedio de 7.4 nuevos negocios por semana, seg\u00fan informaci\u00f3n de la Direcci\u00f3n Municipal de Comercio, Empleo y PYMES. Las pol\u00edticas del Gobierno de Nuevo Laredo est\u00e1n enfocadas [&hellip;]<\/p>\n","protected":false},"author":1,"featured_media":7961,"comment_status":"open","ping_status":"open","sticky":false,"template":"","format":"standard","meta":{"footnotes":""},"categories":[31],"tags":[],"class_list":{"0":"post-7960","1":"post","2":"type-post","3":"status-publish","4":"format-standard","5":"has-post-thumbnail","7":"category-nuevo-laredo"},"amp_enabled":true,"_links":{"self":[{"href":"https:\/\/luisvaltierranoticias.com\/index.php?rest_route=\/wp\/v2\/posts\/7960","targetHints":{"allow":["GET"]}}],"collection":[{"href":"https:\/\/luisvaltierranoticias.com\/index.php?rest_route=\/wp\/v2\/posts"}],"about":[{"href":"https:\/\/luisvaltierranoticias.com\/index.php?rest_route=\/wp\/v2\/types\/post"}],"author":[{"embeddable":true,"href":"https:\/\/luisvaltierranoticias.com\/index.php?rest_route=\/wp\/v2\/users\/1"}],"replies":[{"embeddable":true,"href":"https:\/\/luisvaltierranoticias.com\/index.php?rest_route=%2Fwp%2Fv2%2Fcomments&post=7960"}],"version-history":[{"count":1,"href":"https:\/\/luisvaltierranoticias.com\/index.php?rest_route=\/wp\/v2\/posts\/7960\/revisions"}],"predecessor-version":[{"id":7962,"href":"https:\/\/luisvaltierranoticias.com\/index.php?rest_route=\/wp\/v2\/posts\/7960\/revisions\/7962"}],"wp:featuredmedia":[{"embeddable":true,"href":"https:\/\/luisvaltierranoticias.com\/index.php?rest_route=\/wp\/v2\/media\/7961"}],"wp:attachment":[{"href":"https:\/\/luisvaltierranoticias.com\/index.php?rest_route=%2Fwp%2Fv2%2Fmedia&parent=7960"}],"wp:term":[{"taxonomy":"category","embeddable":true,"href":"https:\/\/luisvaltierranoticias.com\/index.php?rest_route=%2Fwp%2Fv2%2Fcategories&post=7960"},{"taxonomy":"post_tag","embeddable":true,"href":"https:\/\/luisvaltierranoticias.com\/index.php?rest_route=%2Fwp%2Fv2%2Ftags&post=7960"}],"curies":[{"name":"wp","href":"https:\/\/api.w.org\/{rel}","templated":true}]}}