{"id":7957,"date":"2024-07-10T14:05:20","date_gmt":"2024-07-10T19:05:20","guid":{"rendered":"https:\/\/luisvaltierranoticias.com\/?p=7957"},"modified":"2024-07-10T14:05:22","modified_gmt":"2024-07-10T19:05:22","slug":"gradua-dif-a-245-alumnos-de-talleres-de-desarrollo-personal-y-profesional","status":"publish","type":"post","link":"https:\/\/luisvaltierranoticias.com\/?p=7957","title":{"rendered":"GRAD\u00daA DIF A 245 ALUMNOS DE TALLERES DE DESARROLLO PERSONAL Y PROFESIONAL"},"content":{"rendered":"\n<p>Por: Staff | #NuevoLaredo #Laredo #NLD #Tamaulipas<\/p>\n\n\n\n<p>El Sistema para el Desarrollo Integral de la Familia (DIF) llev\u00f3 a cabo la clausura de los cursos ofrecidos en los Centros de Desarrollo Integral de la Familia (CEDIF), donde un total de 245 alumnos completaron satisfactoriamente talleres especializados.<\/p>\n\n\n\n<p>Entre los cursos ofrecidos se incluyen corte y confecci\u00f3n, manualidades, cocina y reposter\u00eda, zumba, belleza, u\u00f1as, globoflexia, taekwondo y danza moderna.<\/p>\n\n\n\n<p>Los graduados recibieron certificados que acreditan sus conocimientos, entregados por la presidenta del Sistema DIF, Lic. Claudette Canturosas Villarreal, acompa\u00f1ada por el director general, Jos\u00e9 Luis Pintado, y la Coordinadora de los CEDIF, Mariela Ortiz Tob\u00edas.<\/p>\n\n\n\n<p>Estos cursos tienen como objetivo principal capacitar a los participantes para mejorar su calidad de vida a trav\u00e9s del autoempleo, el fortalecimiento de valores y la promoci\u00f3n de habilidades empresariales.<\/p>\n\n\n\n<p>En sus palabras durante la ceremonia de clausura, la presidenta del Sistema DIF Claudette Canturosas Villarreal expres\u00f3 su felicitaci\u00f3n a los graduados:<\/p>\n\n\n\n<p>&#8220;Estoy muy orgullosa de ustedes por su esfuerzo y dedicaci\u00f3n. Han trabajado arduamente para alcanzar sus metas y hemos sido testigos de su notable crecimiento durante este a\u00f1o. Los invito a que nunca pierdan la motivaci\u00f3n y el entusiasmo por seguir aprendiendo.&#8221;<\/p>\n\n\n\n<p>Una de las alumnas destacadas, la Sra. Juany Gonz\u00e1lez Franco, quien complet\u00f3 el taller de u\u00f1as, comparti\u00f3 su experiencia y agradeci\u00f3 al DIF y al Gobierno Municipal por las oportunidades brindadas<\/p>\n\n\n\n<p>&#8220;Quiero dar las gracias por la oportunidad que nos han dado de aprender y de generar ingresos adicionales para nuestros hogares. Este a\u00f1o compartimos experiencias significativas y aprendizajes valiosos, guiadas por maestras dedicadas que nos han impulsado a crecer d\u00eda a d\u00eda.&#8221;<\/p>\n\n\n\n<p>Durante el evento, se otorg\u00f3 un reconocimiento especial a la maestra Lina Virginia Vera Cabrera por sus 22 a\u00f1os de trayectoria impartiendo el taller de cocina y reposter\u00eda desde el a\u00f1o 2002.<\/p>\n\n\n\n<p>El evento de clausura se realiz\u00f3 en el Polyforum La Fe, donde las alumnas organizaron una exposici\u00f3n tem\u00e1tica de Disney, decorada por equipos de cada CEDIF con globos, mesas de postres, comida, vestuario, u\u00f1as y manualidades inspiradas en pel\u00edculas como &#8220;COCO&#8221;, &#8220;Mickey Mouse&#8221; y las Princesas.<\/p>\n\n\n\n<p>Adem\u00e1s, se llev\u00f3 a cabo una destacada exhibici\u00f3n de los alumnos de Danza Moderna, Taekwondo, Zumba y Aerobics, quienes demostraron sus habilidades adquiridas durante el curso.<\/p>\n\n\n\n<p>Estos esfuerzos forman parte de la misi\u00f3n continua del Sistema DIF de fortalecer a las familias a trav\u00e9s de la educaci\u00f3n y el desarrollo personal. Los CEDIF ubicados en las colonias Buenos Aires, San Rafael y Voluntad y Trabajo n\u00famero 2 continuar\u00e1n ofreciendo oportunidades para el crecimiento y la superaci\u00f3n personal de los ciudadanos.<\/p>\n","protected":false},"excerpt":{"rendered":"<p>Por: Staff | #NuevoLaredo #Laredo #NLD #Tamaulipas El Sistema para el Desarrollo Integral de la Familia (DIF) llev\u00f3 a cabo la clausura de los cursos ofrecidos en los Centros de Desarrollo Integral de la Familia (CEDIF), donde un total de 245 alumnos completaron satisfactoriamente talleres especializados. Entre los cursos ofrecidos se incluyen corte y confecci\u00f3n, [&hellip;]<\/p>\n","protected":false},"author":1,"featured_media":7958,"comment_status":"open","ping_status":"open","sticky":false,"template":"","format":"standard","meta":{"footnotes":""},"categories":[31],"tags":[],"class_list":{"0":"post-7957","1":"post","2":"type-post","3":"status-publish","4":"format-standard","5":"has-post-thumbnail","7":"category-nuevo-laredo"},"amp_enabled":true,"_links":{"self":[{"href":"https:\/\/luisvaltierranoticias.com\/index.php?rest_route=\/wp\/v2\/posts\/7957","targetHints":{"allow":["GET"]}}],"collection":[{"href":"https:\/\/luisvaltierranoticias.com\/index.php?rest_route=\/wp\/v2\/posts"}],"about":[{"href":"https:\/\/luisvaltierranoticias.com\/index.php?rest_route=\/wp\/v2\/types\/post"}],"author":[{"embeddable":true,"href":"https:\/\/luisvaltierranoticias.com\/index.php?rest_route=\/wp\/v2\/users\/1"}],"replies":[{"embeddable":true,"href":"https:\/\/luisvaltierranoticias.com\/index.php?rest_route=%2Fwp%2Fv2%2Fcomments&post=7957"}],"version-history":[{"count":1,"href":"https:\/\/luisvaltierranoticias.com\/index.php?rest_route=\/wp\/v2\/posts\/7957\/revisions"}],"predecessor-version":[{"id":7959,"href":"https:\/\/luisvaltierranoticias.com\/index.php?rest_route=\/wp\/v2\/posts\/7957\/revisions\/7959"}],"wp:featuredmedia":[{"embeddable":true,"href":"https:\/\/luisvaltierranoticias.com\/index.php?rest_route=\/wp\/v2\/media\/7958"}],"wp:attachment":[{"href":"https:\/\/luisvaltierranoticias.com\/index.php?rest_route=%2Fwp%2Fv2%2Fmedia&parent=7957"}],"wp:term":[{"taxonomy":"category","embeddable":true,"href":"https:\/\/luisvaltierranoticias.com\/index.php?rest_route=%2Fwp%2Fv2%2Fcategories&post=7957"},{"taxonomy":"post_tag","embeddable":true,"href":"https:\/\/luisvaltierranoticias.com\/index.php?rest_route=%2Fwp%2Fv2%2Ftags&post=7957"}],"curies":[{"name":"wp","href":"https:\/\/api.w.org\/{rel}","templated":true}]}}