{"id":7954,"date":"2024-07-10T13:33:07","date_gmt":"2024-07-10T18:33:07","guid":{"rendered":"https:\/\/luisvaltierranoticias.com\/?p=7954"},"modified":"2024-07-10T13:33:09","modified_gmt":"2024-07-10T18:33:09","slug":"invita-gobierno-municipal-a-campamentos-del-zoologico-de-nuevo-laredo","status":"publish","type":"post","link":"https:\/\/luisvaltierranoticias.com\/?p=7954","title":{"rendered":"INVITA GOBIERNO MUNICIPAL A CAMPAMENTOS DEL ZOOL\u00d3GICO DE NUEVO LAREDO"},"content":{"rendered":"\n<p>Por: Staff | #NuevoLaredo #Laredo #NLD #Tamaulipas<\/p>\n\n\n\n<p>Para integrar a los ni\u00f1os y ni\u00f1as al cuidado del planeta, el Gobierno Municipal a trav\u00e9s de la Secretar\u00eda de Bienestar Social, llevar\u00e1 a cabo el campamento de verano \u201cEl Despertar del Jaguar\u201d, que tendr\u00e1 lugar en las instalaciones del Zool\u00f3gico y Acuario de la ciudad y estar\u00e1 dirigido a los peque\u00f1os de 6 a 13 a\u00f1os.<\/p>\n\n\n\n<p>La convocatoria estar\u00e1 abierta hasta el 15 de julio; el campamento tendr\u00e1 cupo limitado de hasta 100 ni\u00f1os.<\/p>\n\n\n\n<p>Los horarios de inscripci\u00f3n ser\u00e1n desde las 11:00 AM a 1:30 PM y de 3:00 PM a 5:00 PM; como requisito se pide copia del acta de nacimiento del menor y del INE del responsable, as\u00ed como una cuota de 500 pesos que incluye snack y material de actividades.<\/p>\n","protected":false},"excerpt":{"rendered":"<p>Por: Staff | #NuevoLaredo #Laredo #NLD #Tamaulipas Para integrar a los ni\u00f1os y ni\u00f1as al cuidado del planeta, el Gobierno Municipal a trav\u00e9s de la Secretar\u00eda de Bienestar Social, llevar\u00e1 a cabo el campamento de verano \u201cEl Despertar del Jaguar\u201d, que tendr\u00e1 lugar en las instalaciones del Zool\u00f3gico y Acuario de la ciudad y estar\u00e1 [&hellip;]<\/p>\n","protected":false},"author":1,"featured_media":7955,"comment_status":"open","ping_status":"open","sticky":false,"template":"","format":"standard","meta":{"footnotes":""},"categories":[31],"tags":[],"class_list":{"0":"post-7954","1":"post","2":"type-post","3":"status-publish","4":"format-standard","5":"has-post-thumbnail","7":"category-nuevo-laredo"},"amp_enabled":true,"_links":{"self":[{"href":"https:\/\/luisvaltierranoticias.com\/index.php?rest_route=\/wp\/v2\/posts\/7954","targetHints":{"allow":["GET"]}}],"collection":[{"href":"https:\/\/luisvaltierranoticias.com\/index.php?rest_route=\/wp\/v2\/posts"}],"about":[{"href":"https:\/\/luisvaltierranoticias.com\/index.php?rest_route=\/wp\/v2\/types\/post"}],"author":[{"embeddable":true,"href":"https:\/\/luisvaltierranoticias.com\/index.php?rest_route=\/wp\/v2\/users\/1"}],"replies":[{"embeddable":true,"href":"https:\/\/luisvaltierranoticias.com\/index.php?rest_route=%2Fwp%2Fv2%2Fcomments&post=7954"}],"version-history":[{"count":1,"href":"https:\/\/luisvaltierranoticias.com\/index.php?rest_route=\/wp\/v2\/posts\/7954\/revisions"}],"predecessor-version":[{"id":7956,"href":"https:\/\/luisvaltierranoticias.com\/index.php?rest_route=\/wp\/v2\/posts\/7954\/revisions\/7956"}],"wp:featuredmedia":[{"embeddable":true,"href":"https:\/\/luisvaltierranoticias.com\/index.php?rest_route=\/wp\/v2\/media\/7955"}],"wp:attachment":[{"href":"https:\/\/luisvaltierranoticias.com\/index.php?rest_route=%2Fwp%2Fv2%2Fmedia&parent=7954"}],"wp:term":[{"taxonomy":"category","embeddable":true,"href":"https:\/\/luisvaltierranoticias.com\/index.php?rest_route=%2Fwp%2Fv2%2Fcategories&post=7954"},{"taxonomy":"post_tag","embeddable":true,"href":"https:\/\/luisvaltierranoticias.com\/index.php?rest_route=%2Fwp%2Fv2%2Ftags&post=7954"}],"curies":[{"name":"wp","href":"https:\/\/api.w.org\/{rel}","templated":true}]}}