{"id":7942,"date":"2024-07-09T17:25:35","date_gmt":"2024-07-09T22:25:35","guid":{"rendered":"https:\/\/luisvaltierranoticias.com\/?p=7942"},"modified":"2024-07-09T17:25:37","modified_gmt":"2024-07-09T22:25:37","slug":"jovenes-de-la-universidad-tecnologica-de-nuevo-laredo-estudiaran-en-francia","status":"publish","type":"post","link":"https:\/\/luisvaltierranoticias.com\/?p=7942","title":{"rendered":"J\u00f3venes de la Universidad Tecnol\u00f3gica de Nuevo Laredo estudiar\u00e1n en Francia"},"content":{"rendered":"\n<p>-Mediante el programa de becas MexProtect realizar\u00e1n un a\u00f1o de estudios de su licenciatura en el pa\u00eds galo<\/p>\n\n\n\n<p>Por: Agencias<\/p>\n\n\n\n<p>Nuevo Laredo, Tamaulipas.- Un par de alumnos y una alumna de la Universidad Tecnol\u00f3gica de Nuevo Laredo (UTNL) viajar\u00e1n a Francia, en donde estudiar\u00e1 durante un a\u00f1o su licenciatura, al haber sido seleccionados como parte del programa de becas MexProtec 2024.<\/p>\n\n\n\n<p>Este Programa de Movilidad Internacional Estudiantil, es una iniciativa de Cooperaci\u00f3n Franco-Mexicana en el \u00c1rea de la Ense\u00f1anza Profesional y Tecnol\u00f3gica Superior, que entrega becas para que universitarios mexicanos estudien una licenciatura profesional durante un a\u00f1o en las escuelas de Ingenier\u00eda m\u00e1s importantes del pa\u00eds europeo.<\/p>\n\n\n\n<p>Las y los alumnos que accedieron a la prestigiosa beca MexProtec de la Universidad Tecnol\u00f3gica de Nuevo Laredo son: Gilberto Gonz\u00e1lez Cabrera, de la Licenciatura de Log\u00edstica Internacional \u00c1rea Cadena de suministro (LACS-BIS), quien estudiar\u00e1 en la ciudad de Chalon-sur-Sa\u00f4ne la carrera de Management de la Mobilit\u00e9 et de la Supply Chain Durables.<\/p>\n\n\n\n<p>Tambi\u00e9n lo har\u00e1 Naomi Puerto Escobar, de LACS-BIS, quien se trasladar\u00e1 a la ciudad de Besan\u00e7on para prepararse en Distribution et Transports Internationaux; y Salvador De la Vega Hern\u00e1ndez, quien se dirigir\u00e1 a la ciudad de Longwy para cursar G\u00e9nie Electrique Informatique Industrielle.<\/p>\n\n\n\n<p>Para los tres j\u00f3venes neolaredenses, la aventura hacia Europa comenzar\u00e1 en las siguientes semanas en la Ciudad de M\u00e9xico, con una ceremonia de despedida presidida por autoridades de la Secretar\u00eda de Educaci\u00f3n P\u00fablica (SEP) y el embajador de Francia en M\u00e9xico, Delphine Borione, en donde se reconocer\u00e1 a las y los estudiantes de todo el pa\u00eds que fueron elegidos para recibir la beca MexProtec.<\/p>\n\n\n\n<p>Esto logros son un reflejo del compromiso del Gobierno del Estado que lidera el gobernador, Am\u00e9rico Villarreal Anaya, de continuar transformando el sector educativo, en busca de formar a profesionistas con un alto nivel acad\u00e9mico y con sentido humano que privilegian el bienestar social.<\/p>\n","protected":false},"excerpt":{"rendered":"<p>-Mediante el programa de becas MexProtect realizar\u00e1n un a\u00f1o de estudios de su licenciatura en el pa\u00eds galo Por: Agencias Nuevo Laredo, Tamaulipas.- Un par de alumnos y una alumna de la Universidad Tecnol\u00f3gica de Nuevo Laredo (UTNL) viajar\u00e1n a Francia, en donde estudiar\u00e1 durante un a\u00f1o su licenciatura, al haber sido seleccionados como parte [&hellip;]<\/p>\n","protected":false},"author":1,"featured_media":7943,"comment_status":"open","ping_status":"open","sticky":false,"template":"","format":"standard","meta":{"footnotes":""},"categories":[31],"tags":[],"class_list":{"0":"post-7942","1":"post","2":"type-post","3":"status-publish","4":"format-standard","5":"has-post-thumbnail","7":"category-nuevo-laredo"},"amp_enabled":true,"_links":{"self":[{"href":"https:\/\/luisvaltierranoticias.com\/index.php?rest_route=\/wp\/v2\/posts\/7942","targetHints":{"allow":["GET"]}}],"collection":[{"href":"https:\/\/luisvaltierranoticias.com\/index.php?rest_route=\/wp\/v2\/posts"}],"about":[{"href":"https:\/\/luisvaltierranoticias.com\/index.php?rest_route=\/wp\/v2\/types\/post"}],"author":[{"embeddable":true,"href":"https:\/\/luisvaltierranoticias.com\/index.php?rest_route=\/wp\/v2\/users\/1"}],"replies":[{"embeddable":true,"href":"https:\/\/luisvaltierranoticias.com\/index.php?rest_route=%2Fwp%2Fv2%2Fcomments&post=7942"}],"version-history":[{"count":1,"href":"https:\/\/luisvaltierranoticias.com\/index.php?rest_route=\/wp\/v2\/posts\/7942\/revisions"}],"predecessor-version":[{"id":7944,"href":"https:\/\/luisvaltierranoticias.com\/index.php?rest_route=\/wp\/v2\/posts\/7942\/revisions\/7944"}],"wp:featuredmedia":[{"embeddable":true,"href":"https:\/\/luisvaltierranoticias.com\/index.php?rest_route=\/wp\/v2\/media\/7943"}],"wp:attachment":[{"href":"https:\/\/luisvaltierranoticias.com\/index.php?rest_route=%2Fwp%2Fv2%2Fmedia&parent=7942"}],"wp:term":[{"taxonomy":"category","embeddable":true,"href":"https:\/\/luisvaltierranoticias.com\/index.php?rest_route=%2Fwp%2Fv2%2Fcategories&post=7942"},{"taxonomy":"post_tag","embeddable":true,"href":"https:\/\/luisvaltierranoticias.com\/index.php?rest_route=%2Fwp%2Fv2%2Ftags&post=7942"}],"curies":[{"name":"wp","href":"https:\/\/api.w.org\/{rel}","templated":true}]}}