{"id":7927,"date":"2024-07-09T15:19:55","date_gmt":"2024-07-09T20:19:55","guid":{"rendered":"https:\/\/luisvaltierranoticias.com\/?p=7927"},"modified":"2024-07-09T15:19:57","modified_gmt":"2024-07-09T20:19:57","slug":"suman-esfuerzos-para-promover-marca-hecho-en-tamaulipas","status":"publish","type":"post","link":"https:\/\/luisvaltierranoticias.com\/?p=7927","title":{"rendered":"Suman esfuerzos para promover marca &#8220;Hecho en Tamaulipas&#8221;"},"content":{"rendered":"\n<p>-Titulares de dependencias estatales acuerdan fortalecer presencia de productos locales en sus sectores<\/p>\n\n\n\n<p>Por: Agencias<\/p>\n\n\n\n<p>Ciudad Victoria, Tamaulipas. &#8211; Los titulares de las secretar\u00edas de Econom\u00eda, del Trabajo, Turismo, Desarrollo Rural y la directora general del DIF estatal acordaron sumar esfuerzos para apoyar a las micro, peque\u00f1as y medianas empresas locales a trav\u00e9s de una promoci\u00f3n integral de productos de la marca \u201cHecho en Tamaulipas\u201d en mercados nacionales e internacionales.<\/p>\n\n\n\n<p>La secretaria de Econom\u00eda, Ninfa Cant\u00fa De\u00e1ndar, encabez\u00f3 la presentaci\u00f3n del programa integral de apoyo a MiPymes en una reuni\u00f3n de trabajo que cont\u00f3 con la presencia de los secretarios de Turismo, Benjam\u00edn Hern\u00e1ndez; de Desarrollo Rural, Acuacultura y Pesca, Antonio Varela; el encargado de despacho de la Secretar\u00eda del Trabajo y Previsi\u00f3n Social, Abelardo Flores, y la directora general del Sistema DIF Tamaulipas, Patricia Lara.<\/p>\n\n\n\n<p>Cant\u00fa De\u00e1ndar dijo que el objetivo de \u201cHecho en Tamaulipas\u201d es lograr el posicionamiento y reconocimiento local, nacional e internacional de los productos y servicios que se realizan en el estado, fortaleciendo las micro, peque\u00f1as y medianas (MiPymes) locales, generando mejores ingresos y empleos que eleven la calidad de vida de los tamaulipecos.<\/p>\n\n\n\n<p>&#8220;Para el gobernador Am\u00e9rico Villarreal, las MiPymes son un pilar importante del desarrollo econ\u00f3mico y del bienestar de las familias, por lo que instruy\u00f3 a fortalecer su desarrollo mediante la prestaci\u00f3n de servicios accesibles de asistencia t\u00e9cnica, capacitaci\u00f3n y acompa\u00f1amiento estrat\u00e9gico&#8221;, indic\u00f3.<\/p>\n\n\n\n<p>En el encuentro, las y los titulares de las dependencias acordaron sumar esfuerzos para la promoci\u00f3n de los productos y servicios que llevan el sello de &#8220;Hecho en Tamaulipas&#8221; a trav\u00e9s de acciones como la vinculaci\u00f3n con productores y emprendedores; participaci\u00f3n conjunta en exposiciones y ferias nacionales e internacionales, as\u00ed como la formalizaci\u00f3n de proyectos empresariales.<\/p>\n\n\n\n<p>Finalmente, la secretaria Cant\u00fa De\u00e1ndar dijo que los servicios del programa ayudan a las MiPymes a ampliar su permanencia en los mercados, desarrollando su capacidad de innovar, incrementando su productividad y calidad, adapt\u00e1ndose a las exigencias de los mercados nacionales e internacionales desde una perspectiva humanista y de sustentabilidad.<\/p>\n","protected":false},"excerpt":{"rendered":"<p>-Titulares de dependencias estatales acuerdan fortalecer presencia de productos locales en sus sectores Por: Agencias Ciudad Victoria, Tamaulipas. &#8211; Los titulares de las secretar\u00edas de Econom\u00eda, del Trabajo, Turismo, Desarrollo Rural y la directora general del DIF estatal acordaron sumar esfuerzos para apoyar a las micro, peque\u00f1as y medianas empresas locales a trav\u00e9s de una [&hellip;]<\/p>\n","protected":false},"author":1,"featured_media":7928,"comment_status":"open","ping_status":"open","sticky":false,"template":"","format":"standard","meta":{"footnotes":""},"categories":[53],"tags":[],"class_list":{"0":"post-7927","1":"post","2":"type-post","3":"status-publish","4":"format-standard","5":"has-post-thumbnail","7":"category-tamaulipas"},"amp_enabled":true,"_links":{"self":[{"href":"https:\/\/luisvaltierranoticias.com\/index.php?rest_route=\/wp\/v2\/posts\/7927","targetHints":{"allow":["GET"]}}],"collection":[{"href":"https:\/\/luisvaltierranoticias.com\/index.php?rest_route=\/wp\/v2\/posts"}],"about":[{"href":"https:\/\/luisvaltierranoticias.com\/index.php?rest_route=\/wp\/v2\/types\/post"}],"author":[{"embeddable":true,"href":"https:\/\/luisvaltierranoticias.com\/index.php?rest_route=\/wp\/v2\/users\/1"}],"replies":[{"embeddable":true,"href":"https:\/\/luisvaltierranoticias.com\/index.php?rest_route=%2Fwp%2Fv2%2Fcomments&post=7927"}],"version-history":[{"count":1,"href":"https:\/\/luisvaltierranoticias.com\/index.php?rest_route=\/wp\/v2\/posts\/7927\/revisions"}],"predecessor-version":[{"id":7929,"href":"https:\/\/luisvaltierranoticias.com\/index.php?rest_route=\/wp\/v2\/posts\/7927\/revisions\/7929"}],"wp:featuredmedia":[{"embeddable":true,"href":"https:\/\/luisvaltierranoticias.com\/index.php?rest_route=\/wp\/v2\/media\/7928"}],"wp:attachment":[{"href":"https:\/\/luisvaltierranoticias.com\/index.php?rest_route=%2Fwp%2Fv2%2Fmedia&parent=7927"}],"wp:term":[{"taxonomy":"category","embeddable":true,"href":"https:\/\/luisvaltierranoticias.com\/index.php?rest_route=%2Fwp%2Fv2%2Fcategories&post=7927"},{"taxonomy":"post_tag","embeddable":true,"href":"https:\/\/luisvaltierranoticias.com\/index.php?rest_route=%2Fwp%2Fv2%2Ftags&post=7927"}],"curies":[{"name":"wp","href":"https:\/\/api.w.org\/{rel}","templated":true}]}}