{"id":7924,"date":"2024-07-09T13:32:51","date_gmt":"2024-07-09T18:32:51","guid":{"rendered":"https:\/\/luisvaltierranoticias.com\/?p=7924"},"modified":"2024-07-09T13:32:53","modified_gmt":"2024-07-09T18:32:53","slug":"sistema-dif-nuevo-laredo-anuncia-bazar-de-arte","status":"publish","type":"post","link":"https:\/\/luisvaltierranoticias.com\/?p=7924","title":{"rendered":"SISTEMA DIF NUEVO LAREDO ANUNCIA BAZAR DE ARTE"},"content":{"rendered":"\n<p>Por: Staff | #NuevoLaredo #Laredo #NLD #Tamaulipas<\/p>\n\n\n\n<p>El Sistema para el Desarrollo Integral de la Familia (DIF) de Nuevo Laredo llevar\u00e1 a cabo el Bazar de Arte, el pr\u00f3ximo 15 de julio a las 10:00 a.m. en Casa Club del Adulto Activo.<\/p>\n\n\n\n<p>Este evento representa la culminaci\u00f3n de los cursos de Manualidades y Pintura de los alumnos de Casa Club donde exhibir\u00e1n y pondr\u00e1n a la venta sus obras art\u00edsticas.<\/p>\n\n\n\n<p>Cada pieza a la venta es un testimonio del talento y la creatividad de los estudiantes, y tambi\u00e9n una muestra del esfuerzo y dedicaci\u00f3n que han puesto durante el curso.<\/p>\n\n\n\n<p>Adem\u00e1s, representa un ingreso econ\u00f3mico directo para ellos, fomentando as\u00ed la autosuficiencia y el desarrollo personal para los alumnos que en su totalidad tiene m\u00e1s de 60 a\u00f1os de edad.<\/p>\n\n\n\n<p>El Sistema DIF Nuevo Laredo invita a todos los ciudadanos a ser parte de este evento significativo, donde cada compra cuenta y cada obra tiene una historia detr\u00e1s.<\/p>\n\n\n\n<p>Casa Club del Adulto Activo est\u00e1 ubicada en Laguna del Norte #5350, colonia Infonavit.<\/p>\n","protected":false},"excerpt":{"rendered":"<p>Por: Staff | #NuevoLaredo #Laredo #NLD #Tamaulipas El Sistema para el Desarrollo Integral de la Familia (DIF) de Nuevo Laredo llevar\u00e1 a cabo el Bazar de Arte, el pr\u00f3ximo 15 de julio a las 10:00 a.m. en Casa Club del Adulto Activo. Este evento representa la culminaci\u00f3n de los cursos de Manualidades y Pintura de [&hellip;]<\/p>\n","protected":false},"author":1,"featured_media":7925,"comment_status":"open","ping_status":"open","sticky":false,"template":"","format":"standard","meta":{"footnotes":""},"categories":[31],"tags":[],"class_list":{"0":"post-7924","1":"post","2":"type-post","3":"status-publish","4":"format-standard","5":"has-post-thumbnail","7":"category-nuevo-laredo"},"amp_enabled":true,"_links":{"self":[{"href":"https:\/\/luisvaltierranoticias.com\/index.php?rest_route=\/wp\/v2\/posts\/7924","targetHints":{"allow":["GET"]}}],"collection":[{"href":"https:\/\/luisvaltierranoticias.com\/index.php?rest_route=\/wp\/v2\/posts"}],"about":[{"href":"https:\/\/luisvaltierranoticias.com\/index.php?rest_route=\/wp\/v2\/types\/post"}],"author":[{"embeddable":true,"href":"https:\/\/luisvaltierranoticias.com\/index.php?rest_route=\/wp\/v2\/users\/1"}],"replies":[{"embeddable":true,"href":"https:\/\/luisvaltierranoticias.com\/index.php?rest_route=%2Fwp%2Fv2%2Fcomments&post=7924"}],"version-history":[{"count":1,"href":"https:\/\/luisvaltierranoticias.com\/index.php?rest_route=\/wp\/v2\/posts\/7924\/revisions"}],"predecessor-version":[{"id":7926,"href":"https:\/\/luisvaltierranoticias.com\/index.php?rest_route=\/wp\/v2\/posts\/7924\/revisions\/7926"}],"wp:featuredmedia":[{"embeddable":true,"href":"https:\/\/luisvaltierranoticias.com\/index.php?rest_route=\/wp\/v2\/media\/7925"}],"wp:attachment":[{"href":"https:\/\/luisvaltierranoticias.com\/index.php?rest_route=%2Fwp%2Fv2%2Fmedia&parent=7924"}],"wp:term":[{"taxonomy":"category","embeddable":true,"href":"https:\/\/luisvaltierranoticias.com\/index.php?rest_route=%2Fwp%2Fv2%2Fcategories&post=7924"},{"taxonomy":"post_tag","embeddable":true,"href":"https:\/\/luisvaltierranoticias.com\/index.php?rest_route=%2Fwp%2Fv2%2Ftags&post=7924"}],"curies":[{"name":"wp","href":"https:\/\/api.w.org\/{rel}","templated":true}]}}