{"id":7917,"date":"2024-07-09T13:15:20","date_gmt":"2024-07-09T18:15:20","guid":{"rendered":"https:\/\/luisvaltierranoticias.com\/?p=7917"},"modified":"2024-07-09T13:15:23","modified_gmt":"2024-07-09T18:15:23","slug":"reafirma-nataly-garcia-diaz-su-compromiso-con-la-educacion-en-la-entrega-de-becas-avanza","status":"publish","type":"post","link":"https:\/\/luisvaltierranoticias.com\/?p=7917","title":{"rendered":"REAFIRMA NATALY GARCIA DIAZ SU COMPROMISO CON LA EDUCACION EN LA ENTREGA DE BECAS AVANZA."},"content":{"rendered":"\n<p>Por: Staff | #DiazOrdaz #Tamaulipas<\/p>\n\n\n\n<p>Gustavo D\u00edaz Ordaz, Tam.- La Alcaldesa Nataly Garc\u00eda D\u00edaz, asisti\u00f3 este lunes como invitada de honor a la entrega de becas AVANZA del Gobierno Estatal que preside el Dr. Am\u00e9rico Villarreal Anaya, las que sin duda alguna ser\u00e1n de gran beneficio para cientos de estudiantes del municipio m\u00e1s joven de Tamaulipas.<\/p>\n\n\n\n<p>En su mensaje la Alcaldesa Nataly Garc\u00eda D\u00edaz, reiter\u00f3 que el Presidente Andr\u00e9s Manuel L\u00f3pez Obrador nunca deja solos a los estudiantes, por lo que en uni\u00f3n con el Gobernador Am\u00e9rico Villarreal Anaya, ser\u00e1 el 2024 un a\u00f1o hist\u00f3rico de logros y nuevas metas.<\/p>\n\n\n\n<p>El Titular del CREDE Miguel Alem\u00e1n Joel Eliud Araguz Loredo, dijo que el Presidente de M\u00e9xico Andr\u00e9s Manuel L\u00f3pez Obrador, tiene el inter\u00e9s de procurar una educaci\u00f3n integral para todos, por lo que se har\u00e1 entrega de las Becas AVANZA.<\/p>\n\n\n\n<p>Adem\u00e1s de que el Gobierno Estatal a trav\u00e9s de la SET, har\u00e1 llegar art\u00edculos escolares, uniformes y tenis a todos los estudiantes, agradeciendo a la Alcaldesa Nataly Garc\u00eda D\u00edaz su apoyo para que m\u00e1s beneficios sigan llegando a los estudiantes D\u00edazordacenses.<\/p>\n\n\n\n<p><\/p>\n","protected":false},"excerpt":{"rendered":"<p>Por: Staff | #DiazOrdaz #Tamaulipas Gustavo D\u00edaz Ordaz, Tam.- La Alcaldesa Nataly Garc\u00eda D\u00edaz, asisti\u00f3 este lunes como invitada de honor a la entrega de becas AVANZA del Gobierno Estatal que preside el Dr. Am\u00e9rico Villarreal Anaya, las que sin duda alguna ser\u00e1n de gran beneficio para cientos de estudiantes del municipio m\u00e1s joven de [&hellip;]<\/p>\n","protected":false},"author":1,"featured_media":7918,"comment_status":"open","ping_status":"open","sticky":false,"template":"","format":"standard","meta":{"footnotes":""},"categories":[53],"tags":[],"class_list":{"0":"post-7917","1":"post","2":"type-post","3":"status-publish","4":"format-standard","5":"has-post-thumbnail","7":"category-tamaulipas"},"amp_enabled":true,"_links":{"self":[{"href":"https:\/\/luisvaltierranoticias.com\/index.php?rest_route=\/wp\/v2\/posts\/7917","targetHints":{"allow":["GET"]}}],"collection":[{"href":"https:\/\/luisvaltierranoticias.com\/index.php?rest_route=\/wp\/v2\/posts"}],"about":[{"href":"https:\/\/luisvaltierranoticias.com\/index.php?rest_route=\/wp\/v2\/types\/post"}],"author":[{"embeddable":true,"href":"https:\/\/luisvaltierranoticias.com\/index.php?rest_route=\/wp\/v2\/users\/1"}],"replies":[{"embeddable":true,"href":"https:\/\/luisvaltierranoticias.com\/index.php?rest_route=%2Fwp%2Fv2%2Fcomments&post=7917"}],"version-history":[{"count":1,"href":"https:\/\/luisvaltierranoticias.com\/index.php?rest_route=\/wp\/v2\/posts\/7917\/revisions"}],"predecessor-version":[{"id":7919,"href":"https:\/\/luisvaltierranoticias.com\/index.php?rest_route=\/wp\/v2\/posts\/7917\/revisions\/7919"}],"wp:featuredmedia":[{"embeddable":true,"href":"https:\/\/luisvaltierranoticias.com\/index.php?rest_route=\/wp\/v2\/media\/7918"}],"wp:attachment":[{"href":"https:\/\/luisvaltierranoticias.com\/index.php?rest_route=%2Fwp%2Fv2%2Fmedia&parent=7917"}],"wp:term":[{"taxonomy":"category","embeddable":true,"href":"https:\/\/luisvaltierranoticias.com\/index.php?rest_route=%2Fwp%2Fv2%2Fcategories&post=7917"},{"taxonomy":"post_tag","embeddable":true,"href":"https:\/\/luisvaltierranoticias.com\/index.php?rest_route=%2Fwp%2Fv2%2Ftags&post=7917"}],"curies":[{"name":"wp","href":"https:\/\/api.w.org\/{rel}","templated":true}]}}