{"id":7903,"date":"2024-07-08T17:49:56","date_gmt":"2024-07-08T22:49:56","guid":{"rendered":"https:\/\/luisvaltierranoticias.com\/?p=7903"},"modified":"2024-07-08T17:49:59","modified_gmt":"2024-07-08T22:49:59","slug":"agradecen-ciudadanos-cuarta-campana-de-aparatos-auditivos-en-nuevo-laredo","status":"publish","type":"post","link":"https:\/\/luisvaltierranoticias.com\/?p=7903","title":{"rendered":"AGRADECEN CIUDADANOS CUARTA CAMPA\u00d1A DE APARATOS AUDITIVOS EN NUEVO LAREDO"},"content":{"rendered":"\n<p>Por: Staff | #NuevoLaredo #Laredo #NLD #Tamaulipas<\/p>\n\n\n\n<p>El Gobierno Municipal de Nuevo Laredo, en colaboraci\u00f3n con el Sistema para el Desarrollo Integral de la Familia (DIF), la Fundaci\u00f3n MVS y Supermercados S-Mart, llev\u00f3 a cabo la Cuarta Campa\u00f1a de Aparatos Auditivos en las instalaciones del Centro de Rehabilitaci\u00f3n Integral (CRI).<\/p>\n\n\n\n<p>Esta jornada de cuatro d\u00edas fue un esfuerzo conjunto para beneficiar a personas con dificultades auditivas, brind\u00e1ndoles acceso a aparatos que mejoran significativamente su calidad de vida. En total, se entregaron 259 aparatos auditivos a 139 personas, muchas de las cuales recibieron el apoyo bilateral, es decir, aparatos para ambos o\u00eddos.<\/p>\n\n\n\n<p>Durante el evento, varios beneficiarios compartieron sus testimonios y expresaron su gratitud por el apoyo recibido. Entre ellos, destacan casos como el de J. Guadalupe, quien despu\u00e9s de 10 a\u00f1os pudo obtener un aparato auditivo que facilitar\u00e1 su d\u00eda a d\u00eda.<\/p>\n\n\n\n<p>\u201cEsta muy bien porque les ayuda a tener mejor calidad de vida y ya con el aparato ya pueden desenvolverse mejor, gracias por toda la atenci\u00f3n, han sido muy amables\u201d, destac\u00f3 la beneficiada.<\/p>\n\n\n\n<p>Por su parte Claudia Berenice Guzm\u00e1n Mares, madre de Keili, una ni\u00f1a de 7 a\u00f1os que naci\u00f3 con p\u00e9rdida de audici\u00f3n, tambi\u00e9n se benefici\u00f3 de la campa\u00f1a. Gracias a estos aparatos, Keili podr\u00e1 ser candidata para una cirug\u00eda de implante coclear en el futuro.<\/p>\n\n\n\n<p>\u201cLa veo contenta, la veo m\u00e1s alegre, ahora que le pusieron los aparatos empieza a balbucear, con esto vamos a ir avanzando para que la siguiente etapa que es un implante coclear, pero antes tiene que usar aparatos auditivos\u201d, afirm\u00f3.<\/p>\n\n\n\n<p>Adem\u00e1s, Aurora Gonz\u00e1lez Ram\u00edrez destac\u00f3 la importancia de este apoyo, que le permitir\u00e1 mejorar su comunicaci\u00f3n con su esposo y su familia, fortaleciendo sus lazos afectivos.<\/p>\n\n\n\n<p>\u201cSe siente uno agradecido por el apoyo que se nos da para seguir escuchando, nos dan una mejor calidad de vida, porque ya podemos escucharnos, escuchar a las personas, mi esposo y yo nos sentimos muy agradecidos por esa preocupaci\u00f3n que tiene la presidenta y el DIF por nosotros los adultos mayores\u201d, se\u00f1al\u00f3.<\/p>\n\n\n\n<p>La presidenta municipal, Carmen Lilia Canturosas, junto con la presidenta del Sistema DIF, Claudette Canturosas Villarreal, agradecieron a todos los colaboradores y voluntarios que hicieron posible esta iniciativa.<\/p>\n\n\n\n<p>Esta es la cuarta campa\u00f1a de aparatos auditivos organizada por el Sistema para el Desarrollo Integral de la Familia (DIF) en Nuevo Laredo, dos de las cuales han sido realizadas en colaboraci\u00f3n con la Fundaci\u00f3n MVS y Supermercados S-Mart a trav\u00e9s de su programa Ayuda con tu Cambio.<\/p>\n","protected":false},"excerpt":{"rendered":"<p>Por: Staff | #NuevoLaredo #Laredo #NLD #Tamaulipas El Gobierno Municipal de Nuevo Laredo, en colaboraci\u00f3n con el Sistema para el Desarrollo Integral de la Familia (DIF), la Fundaci\u00f3n MVS y Supermercados S-Mart, llev\u00f3 a cabo la Cuarta Campa\u00f1a de Aparatos Auditivos en las instalaciones del Centro de Rehabilitaci\u00f3n Integral (CRI). Esta jornada de cuatro d\u00edas [&hellip;]<\/p>\n","protected":false},"author":1,"featured_media":7904,"comment_status":"open","ping_status":"open","sticky":false,"template":"","format":"standard","meta":{"footnotes":""},"categories":[31],"tags":[],"class_list":{"0":"post-7903","1":"post","2":"type-post","3":"status-publish","4":"format-standard","5":"has-post-thumbnail","7":"category-nuevo-laredo"},"amp_enabled":true,"_links":{"self":[{"href":"https:\/\/luisvaltierranoticias.com\/index.php?rest_route=\/wp\/v2\/posts\/7903","targetHints":{"allow":["GET"]}}],"collection":[{"href":"https:\/\/luisvaltierranoticias.com\/index.php?rest_route=\/wp\/v2\/posts"}],"about":[{"href":"https:\/\/luisvaltierranoticias.com\/index.php?rest_route=\/wp\/v2\/types\/post"}],"author":[{"embeddable":true,"href":"https:\/\/luisvaltierranoticias.com\/index.php?rest_route=\/wp\/v2\/users\/1"}],"replies":[{"embeddable":true,"href":"https:\/\/luisvaltierranoticias.com\/index.php?rest_route=%2Fwp%2Fv2%2Fcomments&post=7903"}],"version-history":[{"count":1,"href":"https:\/\/luisvaltierranoticias.com\/index.php?rest_route=\/wp\/v2\/posts\/7903\/revisions"}],"predecessor-version":[{"id":7905,"href":"https:\/\/luisvaltierranoticias.com\/index.php?rest_route=\/wp\/v2\/posts\/7903\/revisions\/7905"}],"wp:featuredmedia":[{"embeddable":true,"href":"https:\/\/luisvaltierranoticias.com\/index.php?rest_route=\/wp\/v2\/media\/7904"}],"wp:attachment":[{"href":"https:\/\/luisvaltierranoticias.com\/index.php?rest_route=%2Fwp%2Fv2%2Fmedia&parent=7903"}],"wp:term":[{"taxonomy":"category","embeddable":true,"href":"https:\/\/luisvaltierranoticias.com\/index.php?rest_route=%2Fwp%2Fv2%2Fcategories&post=7903"},{"taxonomy":"post_tag","embeddable":true,"href":"https:\/\/luisvaltierranoticias.com\/index.php?rest_route=%2Fwp%2Fv2%2Ftags&post=7903"}],"curies":[{"name":"wp","href":"https:\/\/api.w.org\/{rel}","templated":true}]}}