{"id":7900,"date":"2024-07-08T17:26:33","date_gmt":"2024-07-08T22:26:33","guid":{"rendered":"https:\/\/luisvaltierranoticias.com\/?p=7900"},"modified":"2024-07-08T17:26:36","modified_gmt":"2024-07-08T22:26:36","slug":"invita-alcaldesa-carmen-lilia-canturosas-a-campamentos-de-verano-2024","status":"publish","type":"post","link":"https:\/\/luisvaltierranoticias.com\/?p=7900","title":{"rendered":"INVITA ALCALDESA CARMEN LILIA CANTUROSAS A CAMPAMENTOS DE VERANO 2024"},"content":{"rendered":"\n<p>Por: Staff | #NuevoLaredo #Laredo #NLD #Tamaulipas<\/p>\n\n\n\n<p>Unas divertidas vacaciones para las ni\u00f1as, ni\u00f1os y adolescentes de la ciudad brindar\u00e1 el gobierno municipal con los \u201cCampamentos de Verano 2024\u201d que son desde art\u00edsticos, deportivos y acad\u00e9micos.<\/p>\n\n\n\n<p>En una edici\u00f3n de Nuevo Laredo Comunica, la alcaldesa Carmen Lilia Canturosas Villarreal dio a conocer los detalles de inscripci\u00f3n para que todos los interesados sean parte de estos cursos y talleres en los cuales obtendr\u00e1n diversos aprendizajes para su desarrollo.<\/p>\n\n\n\n<p>\u201cEs una gran oportunidad para que nuestros ni\u00f1os aprendan habilidades musicales, de baile, cinematogr\u00e1ficas, artes pl\u00e1sticas y refuercen su desarrollo acad\u00e9mico que les funcionar\u00e1 para el pr\u00f3ximo ciclo escolar\u201d, indic\u00f3 la alcaldesa.<\/p>\n\n\n\n<p>Canturosas Villarreal invit\u00f3 a los padres de familia a inscribir a sus hijos e hijas en alguno de los campamentos en los que van a descubrir nuevas cosas que podr\u00e1n poner en pr\u00e1ctica posteriormente.<\/p>\n\n\n\n<p>Por su parte Ernesto Ferrara Theriot, secretario de Cultura F\u00edsica y Deporte inform\u00f3 que se estar\u00e1n impartiendo en lugares conocidos por la ciudadan\u00eda como las diferentes casas de la cultura, centros comunitarios, unidad deportiva entre otros.<\/p>\n\n\n\n<p>De Arte y Cultura: en Estaci\u00f3n Palabra Gabriel Garc\u00eda M\u00e1rquez se realizar\u00e1n &#8220;Las aventuras de la bruja, el mago y la princesa en el mundo de calabozos y dragones&#8221; para inscribirse tienen hasta el 31 de julio o comunicarse al 867 712 78 44.<\/p>\n\n\n\n<p>La fecha de inscripci\u00f3n en \u201cMis Vacaciones en la Biblioteca\u201d ya inici\u00f3 y termina el 19 de julio en las diferentes bibliotecas de la ciudad para mayor informaci\u00f3n comunicarse al 867 715 21 97; para el &#8220;Campamento de Verano Museos&#8221;, el cual se lleva a cabo en el Centro Cultural, las inscripciones culminan el 31 de julio pero la ciudadan\u00eda puede solicitar mayor informaci\u00f3n en el 867 717 59 59.<\/p>\n\n\n\n<p>Los &#8220;Campamentos de Verano de las Casas de la Cultura 2024\u201d se dar\u00e1n guitarra, manualidades, literatura, folclor infantil, danza moderna entre otros tienen hasta el 31 de julio para su inscripci\u00f3n y en este n\u00famero 867 715 36 18 pueden pedir m\u00e1s informaci\u00f3n;<\/p>\n\n\n\n<p>Mientras que en la Casa de la Cultura Polivalente los ciudadanos pueden solicitar m\u00e1s detalles en el 867 714 39 84; En Maquila Creativa se estar\u00e1 impartiendo m\u00fasica y artesan\u00eda textil para inscribirse tienen para hacerlo hasta el 31 de julio o comunicarse al 867 736 36 66. En la Casa de la Cultura Progreso se ofrecer\u00e1 guitarra ac\u00fastica y pintura.<\/p>\n\n\n\n<p>De Cultura F\u00edsica y Deporte: Las inscripciones iniciaron este lunes y terminan el 19 de julio y se estar\u00e1 brindando los campamentos: Tae Kwon Do, en el Centro Integral Comunitario UNE \u201cSolidaridad; Ajedrez en el Sal\u00f3n al m\u00e9rito de la Unidad Deportiva y SEDATU colonia Francisco Villa.<\/p>\n\n\n\n<p>As\u00ed como de B\u00e1squetbol en la Unidad Deportiva Benito Ju\u00e1rez; B\u00e9isbol en el Parque Lincoln de la Unidad Deportiva; Boxeo en el Gimnasio de Box &#8220;Ricardo Finito L\u00f3pez&#8221;; F\u00fatbol en las Canchas de pasto sint\u00e9tico de la Unidad Deportiva; Gimnasia R\u00edtmica en la Escuela de Gimnasia r\u00edtmica; Nataci\u00f3n en la Alberca Semi-ol\u00edmpica; &#8220;Voleibol&#8221; en el Gimnasio Rafael Elizondo de la Unidad Deportiva.<\/p>\n\n\n\n<p>Los interesados pueden solicitar m\u00e1s detalles en el siguiente n\u00famero telef\u00f3nico 867 719 47 82.<\/p>\n\n\n\n<p>De Educaci\u00f3n: Se realizar\u00e1 el Programa de Apoyo Integral Educativo y Emocional y las inscripciones iniciaron este lunes y termina el 18 de julio, en el siguiente n\u00famero 867 711 35 05 se puede solicitar m\u00e1s detalles.<\/p>\n\n\n\n<p>Es importante destacar que cada curso o taller tiene cupo limitado y cada uno est\u00e1 dirigido para diferentes edades.<\/p>\n","protected":false},"excerpt":{"rendered":"<p>Por: Staff | #NuevoLaredo #Laredo #NLD #Tamaulipas Unas divertidas vacaciones para las ni\u00f1as, ni\u00f1os y adolescentes de la ciudad brindar\u00e1 el gobierno municipal con los \u201cCampamentos de Verano 2024\u201d que son desde art\u00edsticos, deportivos y acad\u00e9micos. En una edici\u00f3n de Nuevo Laredo Comunica, la alcaldesa Carmen Lilia Canturosas Villarreal dio a conocer los detalles de [&hellip;]<\/p>\n","protected":false},"author":1,"featured_media":7901,"comment_status":"open","ping_status":"open","sticky":false,"template":"","format":"standard","meta":{"footnotes":""},"categories":[31],"tags":[],"class_list":{"0":"post-7900","1":"post","2":"type-post","3":"status-publish","4":"format-standard","5":"has-post-thumbnail","7":"category-nuevo-laredo"},"amp_enabled":true,"_links":{"self":[{"href":"https:\/\/luisvaltierranoticias.com\/index.php?rest_route=\/wp\/v2\/posts\/7900","targetHints":{"allow":["GET"]}}],"collection":[{"href":"https:\/\/luisvaltierranoticias.com\/index.php?rest_route=\/wp\/v2\/posts"}],"about":[{"href":"https:\/\/luisvaltierranoticias.com\/index.php?rest_route=\/wp\/v2\/types\/post"}],"author":[{"embeddable":true,"href":"https:\/\/luisvaltierranoticias.com\/index.php?rest_route=\/wp\/v2\/users\/1"}],"replies":[{"embeddable":true,"href":"https:\/\/luisvaltierranoticias.com\/index.php?rest_route=%2Fwp%2Fv2%2Fcomments&post=7900"}],"version-history":[{"count":1,"href":"https:\/\/luisvaltierranoticias.com\/index.php?rest_route=\/wp\/v2\/posts\/7900\/revisions"}],"predecessor-version":[{"id":7902,"href":"https:\/\/luisvaltierranoticias.com\/index.php?rest_route=\/wp\/v2\/posts\/7900\/revisions\/7902"}],"wp:featuredmedia":[{"embeddable":true,"href":"https:\/\/luisvaltierranoticias.com\/index.php?rest_route=\/wp\/v2\/media\/7901"}],"wp:attachment":[{"href":"https:\/\/luisvaltierranoticias.com\/index.php?rest_route=%2Fwp%2Fv2%2Fmedia&parent=7900"}],"wp:term":[{"taxonomy":"category","embeddable":true,"href":"https:\/\/luisvaltierranoticias.com\/index.php?rest_route=%2Fwp%2Fv2%2Fcategories&post=7900"},{"taxonomy":"post_tag","embeddable":true,"href":"https:\/\/luisvaltierranoticias.com\/index.php?rest_route=%2Fwp%2Fv2%2Ftags&post=7900"}],"curies":[{"name":"wp","href":"https:\/\/api.w.org\/{rel}","templated":true}]}}