{"id":7895,"date":"2024-07-08T16:54:30","date_gmt":"2024-07-08T21:54:30","guid":{"rendered":"https:\/\/luisvaltierranoticias.com\/?p=7895"},"modified":"2024-07-08T16:54:32","modified_gmt":"2024-07-08T21:54:32","slug":"presentan-alumnos-de-las-casas-de-la-cultura-exposicion-carnaval-del-corazon-de-tamaulipas","status":"publish","type":"post","link":"https:\/\/luisvaltierranoticias.com\/?p=7895","title":{"rendered":"PRESENTAN ALUMNOS DE LAS CASAS DE LA CULTURA EXPOSICI\u00d3N CARNAVAL DEL CORAZ\u00d3N DE TAMAULIPAS"},"content":{"rendered":"\n<p>Por: Staff | #NuevoLaredo #Laredo #NLD #Tamaulipas<\/p>\n\n\n\n<p>El teatro \u201cAdolfo L\u00f3pez Mateos\u201d se llen\u00f3 de fiesta y color para cerrar as\u00ed el ciclo febrero-junio de los Talleres de Iniciaci\u00f3n Art\u00edstica 2024 que se ofrecen en las diferentes Casas de la Cultura.<\/p>\n\n\n\n<p>A trav\u00e9s de un colorido festival denominado \u201cCarnaval del Coraz\u00f3n de Tamaulipas\u201d, los asistentes disfrutaron una exposici\u00f3n de pinturas, manualidades, prendas elaboradas artesanalmente, adem\u00e1s de presentaciones musicales y danc\u00edsticas que deleitaron a los presentes.<\/p>\n\n\n\n<p>Fueron cientos de ni\u00f1as, ni\u00f1os, j\u00f3venes y adultos, quienes expusieron lo aprendido dentro de los diferentes talleres que se ofrecen en las cinco casas de la cultura de la ciudad.<\/p>\n","protected":false},"excerpt":{"rendered":"<p>Por: Staff | #NuevoLaredo #Laredo #NLD #Tamaulipas El teatro \u201cAdolfo L\u00f3pez Mateos\u201d se llen\u00f3 de fiesta y color para cerrar as\u00ed el ciclo febrero-junio de los Talleres de Iniciaci\u00f3n Art\u00edstica 2024 que se ofrecen en las diferentes Casas de la Cultura. A trav\u00e9s de un colorido festival denominado \u201cCarnaval del Coraz\u00f3n de Tamaulipas\u201d, los asistentes [&hellip;]<\/p>\n","protected":false},"author":1,"featured_media":7896,"comment_status":"open","ping_status":"open","sticky":false,"template":"","format":"standard","meta":{"footnotes":""},"categories":[31],"tags":[],"class_list":{"0":"post-7895","1":"post","2":"type-post","3":"status-publish","4":"format-standard","5":"has-post-thumbnail","7":"category-nuevo-laredo"},"amp_enabled":true,"_links":{"self":[{"href":"https:\/\/luisvaltierranoticias.com\/index.php?rest_route=\/wp\/v2\/posts\/7895","targetHints":{"allow":["GET"]}}],"collection":[{"href":"https:\/\/luisvaltierranoticias.com\/index.php?rest_route=\/wp\/v2\/posts"}],"about":[{"href":"https:\/\/luisvaltierranoticias.com\/index.php?rest_route=\/wp\/v2\/types\/post"}],"author":[{"embeddable":true,"href":"https:\/\/luisvaltierranoticias.com\/index.php?rest_route=\/wp\/v2\/users\/1"}],"replies":[{"embeddable":true,"href":"https:\/\/luisvaltierranoticias.com\/index.php?rest_route=%2Fwp%2Fv2%2Fcomments&post=7895"}],"version-history":[{"count":1,"href":"https:\/\/luisvaltierranoticias.com\/index.php?rest_route=\/wp\/v2\/posts\/7895\/revisions"}],"predecessor-version":[{"id":7897,"href":"https:\/\/luisvaltierranoticias.com\/index.php?rest_route=\/wp\/v2\/posts\/7895\/revisions\/7897"}],"wp:featuredmedia":[{"embeddable":true,"href":"https:\/\/luisvaltierranoticias.com\/index.php?rest_route=\/wp\/v2\/media\/7896"}],"wp:attachment":[{"href":"https:\/\/luisvaltierranoticias.com\/index.php?rest_route=%2Fwp%2Fv2%2Fmedia&parent=7895"}],"wp:term":[{"taxonomy":"category","embeddable":true,"href":"https:\/\/luisvaltierranoticias.com\/index.php?rest_route=%2Fwp%2Fv2%2Fcategories&post=7895"},{"taxonomy":"post_tag","embeddable":true,"href":"https:\/\/luisvaltierranoticias.com\/index.php?rest_route=%2Fwp%2Fv2%2Ftags&post=7895"}],"curies":[{"name":"wp","href":"https:\/\/api.w.org\/{rel}","templated":true}]}}