{"id":7889,"date":"2024-07-08T11:11:23","date_gmt":"2024-07-08T16:11:23","guid":{"rendered":"https:\/\/luisvaltierranoticias.com\/?p=7889"},"modified":"2024-07-08T11:11:26","modified_gmt":"2024-07-08T16:11:26","slug":"vincula-gobierno-municipal-a-mas-de-5-mil-ciudadanos-con-empresas-en-lo-que-va-del-2024","status":"publish","type":"post","link":"https:\/\/luisvaltierranoticias.com\/?p=7889","title":{"rendered":"VINCULA GOBIERNO MUNICIPAL A M\u00c1S DE 5 MIL CIUDADANOS CON EMPRESAS EN LO QUE VA DEL 2024"},"content":{"rendered":"\n<p>El Gobierno Municipal, a trav\u00e9s de la Secretar\u00eda de Desarrollo Econ\u00f3mico, ha logrado vincular a 5 mil 985 trabajadores desocupados a empresas en lo que va del a\u00f1o.<\/p>\n\n\n\n<p>Mediante dos ferias de empleo y 22 eventos de \u201cEmpleo en tu Colonia\u201d, el 60% de los ciudadanos vinculados ya cuenta con un empleo digno, lo que significa que 3 mil 595 neolaredenses ya tienen sustento econ\u00f3mico. El otro 40% a\u00fan se encuentra en proceso.<\/p>\n\n\n\n<p>El ciudadano Roberto Guti\u00e9rrez Arteaga, reconoci\u00f3 que este evento es una buena din\u00e1mica para facilitar la obtenci\u00f3n de empleos por parte del Gobierno Municipal.<\/p>\n\n\n\n<p>\u201cFavorece que encontremos trabajo con empresas que tienen buenas prestaciones, es muy accesible venir a estos eventos porque son en puntos estrat\u00e9gicos\u201d, expres\u00f3.<\/p>\n\n\n\n<p>Mientras que Diego Armando Mendoza Vera, reclutador, asegur\u00f3 que mediante este evento se logra captar el talento y cubrir las vacantes requeridas con ciudadanos aptos y capaces.<\/p>\n\n\n\n<p>\u201cSin duda seguir\u00e9 participando en este programa porque ayuda mucho a cubrir los perfiles que requieren las empresas, adem\u00e1s que es muy accesible para quienes buscan trabajo porque todos estamos en un solo lugar y ellos pueden acercarse a pedir informaci\u00f3n\u201d, recalc\u00f3<\/p>\n\n\n\n<p>Por su parte, la ciudadana Evelyn Elizabeth Jim\u00e9nez S\u00e1nchez, destac\u00f3 que hay gran variedad de empresas y diversas vacantes para acercarse en \u201cEmpleo en tu colonia\u201d.<\/p>\n\n\n\n<p>\u201cAgradezco al Gobierno Municipal por esta oportunidad que nos da de sumarnos al mercado laboral, es un gran evento que nos ayuda a todos\u201d, manifest\u00f3.<\/p>\n\n\n\n<p>De acuerdo a estad\u00edsticas de la Secretar\u00eda de Desarrollo Econ\u00f3mico, mil 380 ciudadanos han sido vinculados en el sector maquiladora, mil 565 en el comercio, 2 mil 274 en empresas de servicios y 766 en transportistas.<\/p>\n","protected":false},"excerpt":{"rendered":"<p>El Gobierno Municipal, a trav\u00e9s de la Secretar\u00eda de Desarrollo Econ\u00f3mico, ha logrado vincular a 5 mil 985 trabajadores desocupados a empresas en lo que va del a\u00f1o. Mediante dos ferias de empleo y 22 eventos de \u201cEmpleo en tu Colonia\u201d, el 60% de los ciudadanos vinculados ya cuenta con un empleo digno, lo que [&hellip;]<\/p>\n","protected":false},"author":1,"featured_media":7890,"comment_status":"open","ping_status":"open","sticky":false,"template":"","format":"standard","meta":{"footnotes":""},"categories":[31],"tags":[],"class_list":{"0":"post-7889","1":"post","2":"type-post","3":"status-publish","4":"format-standard","5":"has-post-thumbnail","7":"category-nuevo-laredo"},"amp_enabled":true,"_links":{"self":[{"href":"https:\/\/luisvaltierranoticias.com\/index.php?rest_route=\/wp\/v2\/posts\/7889","targetHints":{"allow":["GET"]}}],"collection":[{"href":"https:\/\/luisvaltierranoticias.com\/index.php?rest_route=\/wp\/v2\/posts"}],"about":[{"href":"https:\/\/luisvaltierranoticias.com\/index.php?rest_route=\/wp\/v2\/types\/post"}],"author":[{"embeddable":true,"href":"https:\/\/luisvaltierranoticias.com\/index.php?rest_route=\/wp\/v2\/users\/1"}],"replies":[{"embeddable":true,"href":"https:\/\/luisvaltierranoticias.com\/index.php?rest_route=%2Fwp%2Fv2%2Fcomments&post=7889"}],"version-history":[{"count":1,"href":"https:\/\/luisvaltierranoticias.com\/index.php?rest_route=\/wp\/v2\/posts\/7889\/revisions"}],"predecessor-version":[{"id":7891,"href":"https:\/\/luisvaltierranoticias.com\/index.php?rest_route=\/wp\/v2\/posts\/7889\/revisions\/7891"}],"wp:featuredmedia":[{"embeddable":true,"href":"https:\/\/luisvaltierranoticias.com\/index.php?rest_route=\/wp\/v2\/media\/7890"}],"wp:attachment":[{"href":"https:\/\/luisvaltierranoticias.com\/index.php?rest_route=%2Fwp%2Fv2%2Fmedia&parent=7889"}],"wp:term":[{"taxonomy":"category","embeddable":true,"href":"https:\/\/luisvaltierranoticias.com\/index.php?rest_route=%2Fwp%2Fv2%2Fcategories&post=7889"},{"taxonomy":"post_tag","embeddable":true,"href":"https:\/\/luisvaltierranoticias.com\/index.php?rest_route=%2Fwp%2Fv2%2Ftags&post=7889"}],"curies":[{"name":"wp","href":"https:\/\/api.w.org\/{rel}","templated":true}]}}