{"id":6531,"date":"2024-03-21T18:43:19","date_gmt":"2024-03-21T23:43:19","guid":{"rendered":"https:\/\/luisvaltierranoticias.com\/?p=6531"},"modified":"2024-03-21T18:43:21","modified_gmt":"2024-03-21T23:43:21","slug":"conmemoran-al-benemerito-de-las-americas-en-diaz-ordaz","status":"publish","type":"post","link":"https:\/\/luisvaltierranoticias.com\/?p=6531","title":{"rendered":"CONMEMORAN AL BENEMERITO DE LAS AMERICAS EN D\u00cdAZ ORDAZ"},"content":{"rendered":"\n<p>Por: Staff | #DiazOrdaz #Tamaulipas<\/p>\n\n\n\n<p>Gustavo D\u00edaz Ordaz, Tam.- Con una ceremonia c\u00edvica se conmemor\u00f3 \u00e9sta ma\u00f1ana el CCXVIII aniversario del Natalicio del \u201cBenem\u00e9rito de las Am\u00e9ricas\u201d Benito Pablo Ju\u00e1rez Garc\u00eda, en la plaza que lleva su nombre.<\/p>\n\n\n\n<p>Integrantes del H. Cabildo, representantes de las logias mas\u00f3nicas de<br>la localidad, alumnos, supervisores, directores y maestros de nivel primaria, secundaria y medio superior participaron en esta ceremonia con total respeto.<\/p>\n\n\n\n<p>Luego de rendir honores a los s\u00edmbolos patrios, la alumna Carolina Elizabeth Chapa Chavarr\u00eda present\u00f3 un discurso alusivo a la obra de Don Benito Pablo Ju\u00e1rez Garc\u00eda, al igual que una remembranza a cargo del VM Carlos Jim\u00e9nez Flores de la Logia Estrella Polar #52, donde resalt\u00f3 que recordar la vida y obra de Benito Ju\u00e1rez es recordar que los valores de la justicia, la libertad y la igualdad son el camino inalienable hacia el desarrollo y la prosperidad nacional.<\/p>\n\n\n\n<p>EN VALADECES CONMEMORAN AL BENEMERITO DE LAS AMERICAS<\/p>\n\n\n\n<p>En Congregaci\u00f3n Valadeces, integrantes de las logias mas\u00f3nicas y la Delegada Elizabeth Dur\u00e1n Islas, montaron una guardia de honor en el marco del 218 aniversario del Natalicio de Don Benito Pablo Ju\u00e1rez Garc\u00eda.<\/p>\n","protected":false},"excerpt":{"rendered":"<p>Por: Staff | #DiazOrdaz #Tamaulipas Gustavo D\u00edaz Ordaz, Tam.- Con una ceremonia c\u00edvica se conmemor\u00f3 \u00e9sta ma\u00f1ana el CCXVIII aniversario del Natalicio del \u201cBenem\u00e9rito de las Am\u00e9ricas\u201d Benito Pablo Ju\u00e1rez Garc\u00eda, en la plaza que lleva su nombre. Integrantes del H. Cabildo, representantes de las logias mas\u00f3nicas dela localidad, alumnos, supervisores, directores y maestros de [&hellip;]<\/p>\n","protected":false},"author":1,"featured_media":6532,"comment_status":"open","ping_status":"open","sticky":false,"template":"","format":"standard","meta":{"footnotes":""},"categories":[53],"tags":[],"class_list":{"0":"post-6531","1":"post","2":"type-post","3":"status-publish","4":"format-standard","5":"has-post-thumbnail","7":"category-tamaulipas"},"amp_enabled":true,"_links":{"self":[{"href":"https:\/\/luisvaltierranoticias.com\/index.php?rest_route=\/wp\/v2\/posts\/6531","targetHints":{"allow":["GET"]}}],"collection":[{"href":"https:\/\/luisvaltierranoticias.com\/index.php?rest_route=\/wp\/v2\/posts"}],"about":[{"href":"https:\/\/luisvaltierranoticias.com\/index.php?rest_route=\/wp\/v2\/types\/post"}],"author":[{"embeddable":true,"href":"https:\/\/luisvaltierranoticias.com\/index.php?rest_route=\/wp\/v2\/users\/1"}],"replies":[{"embeddable":true,"href":"https:\/\/luisvaltierranoticias.com\/index.php?rest_route=%2Fwp%2Fv2%2Fcomments&post=6531"}],"version-history":[{"count":1,"href":"https:\/\/luisvaltierranoticias.com\/index.php?rest_route=\/wp\/v2\/posts\/6531\/revisions"}],"predecessor-version":[{"id":6533,"href":"https:\/\/luisvaltierranoticias.com\/index.php?rest_route=\/wp\/v2\/posts\/6531\/revisions\/6533"}],"wp:featuredmedia":[{"embeddable":true,"href":"https:\/\/luisvaltierranoticias.com\/index.php?rest_route=\/wp\/v2\/media\/6532"}],"wp:attachment":[{"href":"https:\/\/luisvaltierranoticias.com\/index.php?rest_route=%2Fwp%2Fv2%2Fmedia&parent=6531"}],"wp:term":[{"taxonomy":"category","embeddable":true,"href":"https:\/\/luisvaltierranoticias.com\/index.php?rest_route=%2Fwp%2Fv2%2Fcategories&post=6531"},{"taxonomy":"post_tag","embeddable":true,"href":"https:\/\/luisvaltierranoticias.com\/index.php?rest_route=%2Fwp%2Fv2%2Ftags&post=6531"}],"curies":[{"name":"wp","href":"https:\/\/api.w.org\/{rel}","templated":true}]}}