{"id":6528,"date":"2024-03-21T18:37:24","date_gmt":"2024-03-21T23:37:24","guid":{"rendered":"https:\/\/luisvaltierranoticias.com\/?p=6528"},"modified":"2024-03-21T18:37:26","modified_gmt":"2024-03-21T23:37:26","slug":"realizan-jornada-de-vacunacion-antirrabica-2024-en-diaz-ordaz","status":"publish","type":"post","link":"https:\/\/luisvaltierranoticias.com\/?p=6528","title":{"rendered":"REALIZAN JORNADA DE VACUNACION ANTIRRABICA 2024 EN D\u00cdAZ ORDAZ"},"content":{"rendered":"\n<p>Por: Staff | #DiazOrdaz #Tamaulipas<\/p>\n\n\n\n<p>Gustavo D\u00edaz Ordaz, Tam.- Una jornada de vacunaci\u00f3n antirr\u00e1bica canina y felina se llev\u00f3 a cabo en las instalaciones del Vivero, para dar oportunidad a los due\u00f1os de perros y gatos de proteger a sus perros y gatos contra la rabia y pulgas y garrapatas.<\/p>\n\n\n\n<p>Con esta aplicaci\u00f3n de la vacuna se protege tambi\u00e9n a la poblaci\u00f3n en general por lo que autoridades de salud recomendaron aplicarles sus vacunas y as\u00ed asegurar que estar\u00e1n sanas.<\/p>\n\n\n\n<p>La jornada de vacunaci\u00f3n se llev\u00f3 a cabo de manera gratuita, a donde acudieron m\u00e1s de medio centenar de propietarios de perros y gatos colaborando as\u00ed con las autoridades en su esfuerzo por tener este control sobre la terrible enfermedad de la rabia.<\/p>\n\n\n\n<p>La vacunaci\u00f3n estuvo a cargo de personal de la jurisdicci\u00f3n sanitaria IX con el apoyo de personal de salud del municipio.<\/p>\n","protected":false},"excerpt":{"rendered":"<p>Por: Staff | #DiazOrdaz #Tamaulipas Gustavo D\u00edaz Ordaz, Tam.- Una jornada de vacunaci\u00f3n antirr\u00e1bica canina y felina se llev\u00f3 a cabo en las instalaciones del Vivero, para dar oportunidad a los due\u00f1os de perros y gatos de proteger a sus perros y gatos contra la rabia y pulgas y garrapatas. Con esta aplicaci\u00f3n de la [&hellip;]<\/p>\n","protected":false},"author":1,"featured_media":6529,"comment_status":"open","ping_status":"open","sticky":false,"template":"","format":"standard","meta":{"footnotes":""},"categories":[53],"tags":[],"class_list":{"0":"post-6528","1":"post","2":"type-post","3":"status-publish","4":"format-standard","5":"has-post-thumbnail","7":"category-tamaulipas"},"amp_enabled":true,"_links":{"self":[{"href":"https:\/\/luisvaltierranoticias.com\/index.php?rest_route=\/wp\/v2\/posts\/6528","targetHints":{"allow":["GET"]}}],"collection":[{"href":"https:\/\/luisvaltierranoticias.com\/index.php?rest_route=\/wp\/v2\/posts"}],"about":[{"href":"https:\/\/luisvaltierranoticias.com\/index.php?rest_route=\/wp\/v2\/types\/post"}],"author":[{"embeddable":true,"href":"https:\/\/luisvaltierranoticias.com\/index.php?rest_route=\/wp\/v2\/users\/1"}],"replies":[{"embeddable":true,"href":"https:\/\/luisvaltierranoticias.com\/index.php?rest_route=%2Fwp%2Fv2%2Fcomments&post=6528"}],"version-history":[{"count":1,"href":"https:\/\/luisvaltierranoticias.com\/index.php?rest_route=\/wp\/v2\/posts\/6528\/revisions"}],"predecessor-version":[{"id":6530,"href":"https:\/\/luisvaltierranoticias.com\/index.php?rest_route=\/wp\/v2\/posts\/6528\/revisions\/6530"}],"wp:featuredmedia":[{"embeddable":true,"href":"https:\/\/luisvaltierranoticias.com\/index.php?rest_route=\/wp\/v2\/media\/6529"}],"wp:attachment":[{"href":"https:\/\/luisvaltierranoticias.com\/index.php?rest_route=%2Fwp%2Fv2%2Fmedia&parent=6528"}],"wp:term":[{"taxonomy":"category","embeddable":true,"href":"https:\/\/luisvaltierranoticias.com\/index.php?rest_route=%2Fwp%2Fv2%2Fcategories&post=6528"},{"taxonomy":"post_tag","embeddable":true,"href":"https:\/\/luisvaltierranoticias.com\/index.php?rest_route=%2Fwp%2Fv2%2Ftags&post=6528"}],"curies":[{"name":"wp","href":"https:\/\/api.w.org\/{rel}","templated":true}]}}