{"id":6525,"date":"2024-03-21T16:57:42","date_gmt":"2024-03-21T21:57:42","guid":{"rendered":"https:\/\/luisvaltierranoticias.com\/?p=6525"},"modified":"2024-03-21T16:57:44","modified_gmt":"2024-03-21T21:57:44","slug":"van-neolaredenses-por-segundo-piso-de-la-4t-respaldan-proyecto-de-nacion-de-claudia-sheinbaum","status":"publish","type":"post","link":"https:\/\/luisvaltierranoticias.com\/?p=6525","title":{"rendered":"VAN NEOLAREDENSES POR SEGUNDO PISO DE LA 4T; RESPALDAN PROYECTO DE NACI\u00d3N DE CLAUDIA SHEINBAUM"},"content":{"rendered":"\n<p>Por: Staff | #NuevoLaredo #Tamaulipas<\/p>\n\n\n\n<p>Luego de que la pr\u00f3xima presidenta de M\u00e9xico, Claudia Sheinbaum Pardo, visitar\u00e1 Nuevo Laredo, los ciudadanos manifestaron su firme apoyo hacia la continuidad de la Cuarta Transformaci\u00f3n tanto en el pa\u00eds como en el estado y municipio.<\/p>\n\n\n\n<p>Los neolaredenses tambi\u00e9n mostraron su respaldo a los candidatos a senadores por MORENA, Olga Sosa Ruiz y Jos\u00e9 Ram\u00f3n G\u00f3mez Leal, as\u00ed como al candidato a diputado federal de la coalici\u00f3n \u201cSigamos Haciendo Historia\u201d, Carlos Canturosas Villarreal.<\/p>\n\n\n\n<p>El apoyo local para el candidato de MORENA, PT y Verde Ecologista, Canturosas Villarreal, se ha visto reforzado en cada caminata, en las que ha refrendado su compromiso por fortalecer los programas sociales y de infraestructura, as\u00ed como reforzar las iniciativas de la 4T para que todos los neolaredenses tengan un progreso equitativo, bienestar y una mejor calidad de vida.<\/p>\n\n\n\n<p>El estudiante Carlos Alexander Cano Cort\u00e9z, destac\u00f3 que gracias al movimiento del actual presidente, Andr\u00e9s Manuel L\u00f3pez Obrador, el apoyo a la educaci\u00f3n ha tenido un realce y el alumnado puede continuar con sus estudios.<\/p>\n\n\n\n<p>\u201cLas becas son de mucha ayuda, en mi caso yo me pago mi universidad y con ese apoyo prevengo problemas econ\u00f3micos y en la ciudad necesitamos esos programas, por eso estamos con MORENA para que contin\u00faen estos beneficios\u201d, expres\u00f3.<\/p>\n\n\n\n<p>Por su parte, el ciudadano Rogelio Gonz\u00e1lez C\u00e1ceres, recalc\u00f3 que con la llegada de MORENA a M\u00e9xico, Tamaulipas y Nuevo Laredo, se han vivido tiempos mejores en todos los sentidos.<\/p>\n\n\n\n<p>\u201cAntes no hab\u00edan inversiones y la econom\u00eda ha crecido demasiado en Nuevo Laredo, es un gran cambio que trajo la Cuarta Transformaci\u00f3n y Carlos Canturosas puede darle seguimiento a ese gran trabajo desde la C\u00e1mara de Diputados, confiamos en \u00e9l y votaremos por MORENA\u201d, asegur\u00f3.<\/p>\n\n\n\n<p>Asimismo, la docente Liliana Alicia G\u00e1lvez Badillo describi\u00f3 a los candidatos de MORENA como gente responsable, trabajo honrado y con una gran experiencia pol\u00edtica.<\/p>\n\n\n\n<p>\u201cVamos por nuestra primera mujer presidenta con Claudia Sheinbaum, es nuestra representante y seguiremos con la transformaci\u00f3n. Conf\u00edo en el proyecto de MORENA y se ve en todo en el pa\u00eds un gran apoyo al sector educativo, si gana MORENA ganamos todos\u201d, enalteci\u00f3.<\/p>\n\n\n\n<p>Por \u00faltimo, la ciudadana Margarita Romero Contreras, asegur\u00f3 que para que M\u00e9xico mantenga un progreso equitativo es necesario que contin\u00fae MORENA dirigiendo al pa\u00eds de la mano de los candidatos de ese partido.<\/p>\n\n\n\n<p>\u201cLos representantes de MORENA han trabajado excelente en el pa\u00eds, estado y la ciudad; adem\u00e1s con Claudia Sheinbaum todas las mujeres nos sentimos representadas y orgullosas con su llegada hist\u00f3rica a la presidencia de M\u00e9xico, con ella todas y todos saldremos adelante\u201d, se\u00f1al\u00f3.<\/p>\n\n\n\n<p>En Nuevo Laredo el apoyo de la ciudadan\u00eda para los candidatos de la Cuarta Transformaci\u00f3n ha sido contundente desde el inicio de las campa\u00f1as federales.<\/p>\n","protected":false},"excerpt":{"rendered":"<p>Por: Staff | #NuevoLaredo #Tamaulipas Luego de que la pr\u00f3xima presidenta de M\u00e9xico, Claudia Sheinbaum Pardo, visitar\u00e1 Nuevo Laredo, los ciudadanos manifestaron su firme apoyo hacia la continuidad de la Cuarta Transformaci\u00f3n tanto en el pa\u00eds como en el estado y municipio. Los neolaredenses tambi\u00e9n mostraron su respaldo a los candidatos a senadores por MORENA, [&hellip;]<\/p>\n","protected":false},"author":1,"featured_media":6526,"comment_status":"open","ping_status":"open","sticky":false,"template":"","format":"standard","meta":{"footnotes":""},"categories":[31],"tags":[],"class_list":{"0":"post-6525","1":"post","2":"type-post","3":"status-publish","4":"format-standard","5":"has-post-thumbnail","7":"category-nuevo-laredo"},"amp_enabled":true,"_links":{"self":[{"href":"https:\/\/luisvaltierranoticias.com\/index.php?rest_route=\/wp\/v2\/posts\/6525","targetHints":{"allow":["GET"]}}],"collection":[{"href":"https:\/\/luisvaltierranoticias.com\/index.php?rest_route=\/wp\/v2\/posts"}],"about":[{"href":"https:\/\/luisvaltierranoticias.com\/index.php?rest_route=\/wp\/v2\/types\/post"}],"author":[{"embeddable":true,"href":"https:\/\/luisvaltierranoticias.com\/index.php?rest_route=\/wp\/v2\/users\/1"}],"replies":[{"embeddable":true,"href":"https:\/\/luisvaltierranoticias.com\/index.php?rest_route=%2Fwp%2Fv2%2Fcomments&post=6525"}],"version-history":[{"count":1,"href":"https:\/\/luisvaltierranoticias.com\/index.php?rest_route=\/wp\/v2\/posts\/6525\/revisions"}],"predecessor-version":[{"id":6527,"href":"https:\/\/luisvaltierranoticias.com\/index.php?rest_route=\/wp\/v2\/posts\/6525\/revisions\/6527"}],"wp:featuredmedia":[{"embeddable":true,"href":"https:\/\/luisvaltierranoticias.com\/index.php?rest_route=\/wp\/v2\/media\/6526"}],"wp:attachment":[{"href":"https:\/\/luisvaltierranoticias.com\/index.php?rest_route=%2Fwp%2Fv2%2Fmedia&parent=6525"}],"wp:term":[{"taxonomy":"category","embeddable":true,"href":"https:\/\/luisvaltierranoticias.com\/index.php?rest_route=%2Fwp%2Fv2%2Fcategories&post=6525"},{"taxonomy":"post_tag","embeddable":true,"href":"https:\/\/luisvaltierranoticias.com\/index.php?rest_route=%2Fwp%2Fv2%2Ftags&post=6525"}],"curies":[{"name":"wp","href":"https:\/\/api.w.org\/{rel}","templated":true}]}}