{"id":6512,"date":"2024-03-21T13:56:01","date_gmt":"2024-03-21T18:56:01","guid":{"rendered":"https:\/\/luisvaltierranoticias.com\/?p=6512"},"modified":"2024-03-21T13:56:03","modified_gmt":"2024-03-21T18:56:03","slug":"realizaran-feria-de-adopcion-canina","status":"publish","type":"post","link":"https:\/\/luisvaltierranoticias.com\/?p=6512","title":{"rendered":"REALIZARAN FERIA DE ADOPCI\u00d3N CANINA"},"content":{"rendered":"\n<p>Por: Staff | #NuevoLaredo #Tamaulipas<\/p>\n\n\n\n<p>Nuevo Laredo, Tamaulipas.- Este pr\u00f3ximo domingo 24 de marzo se realizar\u00e1 una Feria Especial de Adopci\u00f3n Canina, el principal objetivo es brindarle un hogar a 19 caninos que fueron rescatados de maltrato animal y de situaci\u00f3n de calle.<\/p>\n\n\n\n<p>Se llevar\u00e1 a cabo de 10 de la ma\u00f1ana a 5:00 de la tarde en el Centro de Atenci\u00f3n y Control Canino ubicado en Guadalupe Victoria 1510 y Bulevar Luis Donaldo Colosio.<\/p>\n\n\n\n<p>-Son 19 perros que tienen m\u00e1s de un a\u00f1o de edad los cuales son de raza chica y mediana; los caninos est\u00e1n esterilizados, vacunados y fueron desparasitados.<\/p>\n","protected":false},"excerpt":{"rendered":"<p>Por: Staff | #NuevoLaredo #Tamaulipas Nuevo Laredo, Tamaulipas.- Este pr\u00f3ximo domingo 24 de marzo se realizar\u00e1 una Feria Especial de Adopci\u00f3n Canina, el principal objetivo es brindarle un hogar a 19 caninos que fueron rescatados de maltrato animal y de situaci\u00f3n de calle. Se llevar\u00e1 a cabo de 10 de la ma\u00f1ana a 5:00 de [&hellip;]<\/p>\n","protected":false},"author":1,"featured_media":6513,"comment_status":"open","ping_status":"open","sticky":false,"template":"","format":"standard","meta":{"footnotes":""},"categories":[31],"tags":[],"class_list":{"0":"post-6512","1":"post","2":"type-post","3":"status-publish","4":"format-standard","5":"has-post-thumbnail","7":"category-nuevo-laredo"},"amp_enabled":true,"_links":{"self":[{"href":"https:\/\/luisvaltierranoticias.com\/index.php?rest_route=\/wp\/v2\/posts\/6512","targetHints":{"allow":["GET"]}}],"collection":[{"href":"https:\/\/luisvaltierranoticias.com\/index.php?rest_route=\/wp\/v2\/posts"}],"about":[{"href":"https:\/\/luisvaltierranoticias.com\/index.php?rest_route=\/wp\/v2\/types\/post"}],"author":[{"embeddable":true,"href":"https:\/\/luisvaltierranoticias.com\/index.php?rest_route=\/wp\/v2\/users\/1"}],"replies":[{"embeddable":true,"href":"https:\/\/luisvaltierranoticias.com\/index.php?rest_route=%2Fwp%2Fv2%2Fcomments&post=6512"}],"version-history":[{"count":1,"href":"https:\/\/luisvaltierranoticias.com\/index.php?rest_route=\/wp\/v2\/posts\/6512\/revisions"}],"predecessor-version":[{"id":6514,"href":"https:\/\/luisvaltierranoticias.com\/index.php?rest_route=\/wp\/v2\/posts\/6512\/revisions\/6514"}],"wp:featuredmedia":[{"embeddable":true,"href":"https:\/\/luisvaltierranoticias.com\/index.php?rest_route=\/wp\/v2\/media\/6513"}],"wp:attachment":[{"href":"https:\/\/luisvaltierranoticias.com\/index.php?rest_route=%2Fwp%2Fv2%2Fmedia&parent=6512"}],"wp:term":[{"taxonomy":"category","embeddable":true,"href":"https:\/\/luisvaltierranoticias.com\/index.php?rest_route=%2Fwp%2Fv2%2Fcategories&post=6512"},{"taxonomy":"post_tag","embeddable":true,"href":"https:\/\/luisvaltierranoticias.com\/index.php?rest_route=%2Fwp%2Fv2%2Ftags&post=6512"}],"curies":[{"name":"wp","href":"https:\/\/api.w.org\/{rel}","templated":true}]}}