{"id":6504,"date":"2024-03-20T17:19:27","date_gmt":"2024-03-20T22:19:27","guid":{"rendered":"https:\/\/luisvaltierranoticias.com\/?p=6504"},"modified":"2024-03-20T17:19:29","modified_gmt":"2024-03-20T22:19:29","slug":"ingreso-de-frente-frio-40-trae-bajas-temeraturas-y-ligeras-lluvas","status":"publish","type":"post","link":"https:\/\/luisvaltierranoticias.com\/?p=6504","title":{"rendered":"INGRESO DE FRENTE FRIO 40 TRAE BAJAS TEMERATURAS Y LIGERAS LLUVAS"},"content":{"rendered":"\n<p>Por: Staff | #NuevoLaredo #Tamaulipas<\/p>\n\n\n\n<p>Nuevo Laredo, Tamaulipas.- Por la entrada del frente fr\u00edo n\u00famero 40 el cual ya ingres\u00f3 se esperan temperaturas m\u00ednimas de 12 a 16 grados y m\u00e1ximas de 16 a 32 grados; no son temperaturas extremas pero es importante abrigarse.<\/p>\n\n\n\n<p>As\u00ed como evitar cambios bruscos de temperatura; la madrugada del jueves se esperan tormentas dispersas con lluvia, mientras que el domingo r\u00e1fagas de viento de hasta 45 kil\u00f3metros por hora.<\/p>\n\n\n\n<p>Protecci\u00f3n Civil recomienda manejar con precauci\u00f3n por los pisos resbaladizos, estar atentos a las p\u00e1ginas oficiales de Protecci\u00f3n Civil y del Gobierno Municipal y la poblaci\u00f3n puede marcar al 867 712 3030, 867 712 2124 o al 867 712 8911.<\/p>\n","protected":false},"excerpt":{"rendered":"<p>Por: Staff | #NuevoLaredo #Tamaulipas Nuevo Laredo, Tamaulipas.- Por la entrada del frente fr\u00edo n\u00famero 40 el cual ya ingres\u00f3 se esperan temperaturas m\u00ednimas de 12 a 16 grados y m\u00e1ximas de 16 a 32 grados; no son temperaturas extremas pero es importante abrigarse. As\u00ed como evitar cambios bruscos de temperatura; la madrugada del jueves [&hellip;]<\/p>\n","protected":false},"author":1,"featured_media":6505,"comment_status":"open","ping_status":"open","sticky":false,"template":"","format":"standard","meta":{"footnotes":""},"categories":[31],"tags":[],"class_list":{"0":"post-6504","1":"post","2":"type-post","3":"status-publish","4":"format-standard","5":"has-post-thumbnail","7":"category-nuevo-laredo"},"amp_enabled":true,"_links":{"self":[{"href":"https:\/\/luisvaltierranoticias.com\/index.php?rest_route=\/wp\/v2\/posts\/6504","targetHints":{"allow":["GET"]}}],"collection":[{"href":"https:\/\/luisvaltierranoticias.com\/index.php?rest_route=\/wp\/v2\/posts"}],"about":[{"href":"https:\/\/luisvaltierranoticias.com\/index.php?rest_route=\/wp\/v2\/types\/post"}],"author":[{"embeddable":true,"href":"https:\/\/luisvaltierranoticias.com\/index.php?rest_route=\/wp\/v2\/users\/1"}],"replies":[{"embeddable":true,"href":"https:\/\/luisvaltierranoticias.com\/index.php?rest_route=%2Fwp%2Fv2%2Fcomments&post=6504"}],"version-history":[{"count":1,"href":"https:\/\/luisvaltierranoticias.com\/index.php?rest_route=\/wp\/v2\/posts\/6504\/revisions"}],"predecessor-version":[{"id":6506,"href":"https:\/\/luisvaltierranoticias.com\/index.php?rest_route=\/wp\/v2\/posts\/6504\/revisions\/6506"}],"wp:featuredmedia":[{"embeddable":true,"href":"https:\/\/luisvaltierranoticias.com\/index.php?rest_route=\/wp\/v2\/media\/6505"}],"wp:attachment":[{"href":"https:\/\/luisvaltierranoticias.com\/index.php?rest_route=%2Fwp%2Fv2%2Fmedia&parent=6504"}],"wp:term":[{"taxonomy":"category","embeddable":true,"href":"https:\/\/luisvaltierranoticias.com\/index.php?rest_route=%2Fwp%2Fv2%2Fcategories&post=6504"},{"taxonomy":"post_tag","embeddable":true,"href":"https:\/\/luisvaltierranoticias.com\/index.php?rest_route=%2Fwp%2Fv2%2Ftags&post=6504"}],"curies":[{"name":"wp","href":"https:\/\/api.w.org\/{rel}","templated":true}]}}