{"id":6495,"date":"2024-03-20T16:16:16","date_gmt":"2024-03-20T21:16:16","guid":{"rendered":"https:\/\/luisvaltierranoticias.com\/?p=6495"},"modified":"2024-03-20T16:16:18","modified_gmt":"2024-03-20T21:16:18","slug":"abarrotan-familias-de-nuevo-laredo-mitin-de-claudia-sheinbaum","status":"publish","type":"post","link":"https:\/\/luisvaltierranoticias.com\/?p=6495","title":{"rendered":"ABARROTAN FAMILIAS DE NUEVO LAREDO MITIN DE CLAUDIA SHEINBAUM"},"content":{"rendered":"\n<p>Por: Staff | #NuevoLaredo #Tamaulipas<\/p>\n\n\n\n<p>Ante una explanada de la Independencia a reventar, la Dra. Claudia Sheinbaum Pardo, visit\u00f3 Nuevo Laredo convirti\u00e9ndose as\u00ed en la primera candidata presidencial que llega a la ciudad para presentar su plataforma pol\u00edtica.<\/p>\n\n\n\n<p>Ante cientos de familias, Sheinbaum Pardo present\u00f3 los proyectos estrat\u00e9gicos para Nuevo Laredo, adem\u00e1s de comprometerse a dar continuidad a los programas sociales que benefician a miles de ciudadanos en esta frontera.<\/p>\n\n\n\n<p>Recordemos que, Claudia Sheinbaum junto a la coalici\u00f3n &#8220;Sigamos Haciendo Historia\u201d, van arriba en las encuestas y preferencia de los mexicanos con el 58% de aprobaci\u00f3n ante un 34% de X\u00f3chitl G\u00e1lvez de la coalici\u00f3n &#8220;Frente y Coraz\u00f3n por M\u00e9xico\u201d.<\/p>\n\n\n\n<p>El respaldo de los neolaredenses para la candidata de MORENA, PT y Verde Ecologista, fue contundente a pesar de las inclemencias del clima.<\/p>\n","protected":false},"excerpt":{"rendered":"<p>Por: Staff | #NuevoLaredo #Tamaulipas Ante una explanada de la Independencia a reventar, la Dra. Claudia Sheinbaum Pardo, visit\u00f3 Nuevo Laredo convirti\u00e9ndose as\u00ed en la primera candidata presidencial que llega a la ciudad para presentar su plataforma pol\u00edtica. Ante cientos de familias, Sheinbaum Pardo present\u00f3 los proyectos estrat\u00e9gicos para Nuevo Laredo, adem\u00e1s de comprometerse a [&hellip;]<\/p>\n","protected":false},"author":1,"featured_media":6496,"comment_status":"open","ping_status":"open","sticky":false,"template":"","format":"standard","meta":{"footnotes":""},"categories":[31],"tags":[],"class_list":{"0":"post-6495","1":"post","2":"type-post","3":"status-publish","4":"format-standard","5":"has-post-thumbnail","7":"category-nuevo-laredo"},"amp_enabled":true,"_links":{"self":[{"href":"https:\/\/luisvaltierranoticias.com\/index.php?rest_route=\/wp\/v2\/posts\/6495","targetHints":{"allow":["GET"]}}],"collection":[{"href":"https:\/\/luisvaltierranoticias.com\/index.php?rest_route=\/wp\/v2\/posts"}],"about":[{"href":"https:\/\/luisvaltierranoticias.com\/index.php?rest_route=\/wp\/v2\/types\/post"}],"author":[{"embeddable":true,"href":"https:\/\/luisvaltierranoticias.com\/index.php?rest_route=\/wp\/v2\/users\/1"}],"replies":[{"embeddable":true,"href":"https:\/\/luisvaltierranoticias.com\/index.php?rest_route=%2Fwp%2Fv2%2Fcomments&post=6495"}],"version-history":[{"count":1,"href":"https:\/\/luisvaltierranoticias.com\/index.php?rest_route=\/wp\/v2\/posts\/6495\/revisions"}],"predecessor-version":[{"id":6497,"href":"https:\/\/luisvaltierranoticias.com\/index.php?rest_route=\/wp\/v2\/posts\/6495\/revisions\/6497"}],"wp:featuredmedia":[{"embeddable":true,"href":"https:\/\/luisvaltierranoticias.com\/index.php?rest_route=\/wp\/v2\/media\/6496"}],"wp:attachment":[{"href":"https:\/\/luisvaltierranoticias.com\/index.php?rest_route=%2Fwp%2Fv2%2Fmedia&parent=6495"}],"wp:term":[{"taxonomy":"category","embeddable":true,"href":"https:\/\/luisvaltierranoticias.com\/index.php?rest_route=%2Fwp%2Fv2%2Fcategories&post=6495"},{"taxonomy":"post_tag","embeddable":true,"href":"https:\/\/luisvaltierranoticias.com\/index.php?rest_route=%2Fwp%2Fv2%2Ftags&post=6495"}],"curies":[{"name":"wp","href":"https:\/\/api.w.org\/{rel}","templated":true}]}}