{"id":6492,"date":"2024-03-19T18:06:41","date_gmt":"2024-03-19T23:06:41","guid":{"rendered":"https:\/\/luisvaltierranoticias.com\/?p=6492"},"modified":"2024-03-19T18:06:43","modified_gmt":"2024-03-19T23:06:43","slug":"realizaran-maraton-internacional-puerta-de-las-americas-2","status":"publish","type":"post","link":"https:\/\/luisvaltierranoticias.com\/?p=6492","title":{"rendered":"REALIZARAN MARAT\u00d3N INTERNACIONAL PUERTA DE LAS AM\u00c9RICAS"},"content":{"rendered":"\n<p>Por: Staff | #NuevoLaredo #Tamaulipas<\/p>\n\n\n\n<p>Nuevo Laredo, Tamaulipas.- Este pr\u00f3ximo 28 de abril se llevar\u00e1 a cabo la tercera edici\u00f3n del Marat\u00f3n Internacional Puerta de las Am\u00e9ricas en el Centro Cultural, a partir de las 8:00 de la ma\u00f1ana, con el prop\u00f3sito de impulsar la participaci\u00f3n de los j\u00f3venes, as\u00ed como promover a Nuevo Laredo.<\/p>\n\n\n\n<p>Se ha trabajado incansablemente para que Nuevo Laredo se coloque en un nivel deportivo m\u00e1s alto, por ello la importancia de unir esfuerzos para llevar a cabo el tercer Marat\u00f3n Internacional Puerta de las Am\u00e9ricas.<\/p>\n\n\n\n<p>El marat\u00f3n Internacional reunir\u00e1 a los ciclistas m\u00e1s importantes de M\u00e9xico y de algunas ciudades de Estados Unidos, contar\u00e1 con m\u00e1s de 400 participantes. Daniel Pe\u00f1a Trevi\u00f1o, Promotor Deportivo, enfatiz\u00f3 que se est\u00e1 impulsando el ciclismo con la finalidad de unificar ciudades y promover a los deportistas para que nuevas generaciones adopten esta disciplina.<\/p>\n\n\n\n<p>Existe una bolsa de 160 mil pesos en premios, las categor\u00edas son varonil y femenil: iniciados 20 km; principiantes 25 km; intermedio varonil 30 km; avanzado 60 km; y \u00e9lite 90 km.<\/p>\n\n\n\n<p>-Se espera la presencia de ciclistas que est\u00e1n participando en panamericanos, as\u00ed como ciclistas internacionales. El costo de registro es de 300 pesos m\u00e1s la comisi\u00f3n que cobra la p\u00e1gina e incluye playera dry fit, placa, chip, medalla e hidrataci\u00f3n.<\/p>\n\n\n\n<p>-Los interesados tienen hasta el 26 de abril para registrarse en el siguiente enlace: https:\/\/chronosport.mx\/carrera\/29683\/funcion\/190197&nbsp;<\/p>\n\n\n\n<p>El Marat\u00f3n Internacional Puerta de las Am\u00e9ricas es la primera etapa del serial Maratones del Norte en el que participan Escobedo y Santiago, Nuevo Le\u00f3n y Candela, Coahuila. En rueda de prensa tambi\u00e9n estuvieron presentes: Alma Hern\u00e1ndez, del Comit\u00e9 Organizador y Joaqu\u00edn Garrido, Promotor Deportivo y Patrocinador.<\/p>\n","protected":false},"excerpt":{"rendered":"<p>Por: Staff | #NuevoLaredo #Tamaulipas Nuevo Laredo, Tamaulipas.- Este pr\u00f3ximo 28 de abril se llevar\u00e1 a cabo la tercera edici\u00f3n del Marat\u00f3n Internacional Puerta de las Am\u00e9ricas en el Centro Cultural, a partir de las 8:00 de la ma\u00f1ana, con el prop\u00f3sito de impulsar la participaci\u00f3n de los j\u00f3venes, as\u00ed como promover a Nuevo Laredo. [&hellip;]<\/p>\n","protected":false},"author":1,"featured_media":6493,"comment_status":"open","ping_status":"open","sticky":false,"template":"","format":"standard","meta":{"footnotes":""},"categories":[31],"tags":[],"class_list":{"0":"post-6492","1":"post","2":"type-post","3":"status-publish","4":"format-standard","5":"has-post-thumbnail","7":"category-nuevo-laredo"},"amp_enabled":true,"_links":{"self":[{"href":"https:\/\/luisvaltierranoticias.com\/index.php?rest_route=\/wp\/v2\/posts\/6492","targetHints":{"allow":["GET"]}}],"collection":[{"href":"https:\/\/luisvaltierranoticias.com\/index.php?rest_route=\/wp\/v2\/posts"}],"about":[{"href":"https:\/\/luisvaltierranoticias.com\/index.php?rest_route=\/wp\/v2\/types\/post"}],"author":[{"embeddable":true,"href":"https:\/\/luisvaltierranoticias.com\/index.php?rest_route=\/wp\/v2\/users\/1"}],"replies":[{"embeddable":true,"href":"https:\/\/luisvaltierranoticias.com\/index.php?rest_route=%2Fwp%2Fv2%2Fcomments&post=6492"}],"version-history":[{"count":1,"href":"https:\/\/luisvaltierranoticias.com\/index.php?rest_route=\/wp\/v2\/posts\/6492\/revisions"}],"predecessor-version":[{"id":6494,"href":"https:\/\/luisvaltierranoticias.com\/index.php?rest_route=\/wp\/v2\/posts\/6492\/revisions\/6494"}],"wp:featuredmedia":[{"embeddable":true,"href":"https:\/\/luisvaltierranoticias.com\/index.php?rest_route=\/wp\/v2\/media\/6493"}],"wp:attachment":[{"href":"https:\/\/luisvaltierranoticias.com\/index.php?rest_route=%2Fwp%2Fv2%2Fmedia&parent=6492"}],"wp:term":[{"taxonomy":"category","embeddable":true,"href":"https:\/\/luisvaltierranoticias.com\/index.php?rest_route=%2Fwp%2Fv2%2Fcategories&post=6492"},{"taxonomy":"post_tag","embeddable":true,"href":"https:\/\/luisvaltierranoticias.com\/index.php?rest_route=%2Fwp%2Fv2%2Ftags&post=6492"}],"curies":[{"name":"wp","href":"https:\/\/api.w.org\/{rel}","templated":true}]}}