{"id":6485,"date":"2024-03-19T14:39:08","date_gmt":"2024-03-19T19:39:08","guid":{"rendered":"https:\/\/luisvaltierranoticias.com\/?p=6485"},"modified":"2024-03-19T14:39:10","modified_gmt":"2024-03-19T19:39:10","slug":"realizaran-curso-de-primeros-auxilios","status":"publish","type":"post","link":"https:\/\/luisvaltierranoticias.com\/?p=6485","title":{"rendered":"REALIZARAN CURSO DE PRIMEROS AUXILIOS"},"content":{"rendered":"\n<p>Por: Staff | #NuevoLaredo #Tamaulipas<\/p>\n\n\n\n<p>Nuevo Laredo, Tamaulipas.- La Direcci\u00f3n de Protecci\u00f3n Civil y Bomberos, realizaran un curso gratuito de Primeros Auxilios para el p\u00fablico en general.<\/p>\n\n\n\n<p>Dicho curso se realizar\u00e1 en las instalaciones de Protecci\u00f3n Civil (PC) ubicadas en H\u00e9roe de Nacataz y Morelos este pr\u00f3ximo 23 de marzo, con el objetivo de estar enfocados en accidentes, tanto en el hogar, veh\u00edculo o el lugar de trabajo.<\/p>\n\n\n\n<p>El objetivo es la prevenci\u00f3n y se busca erradicar la falta de conocimiento en estos accidentes y darle respuesta oportuna.<\/p>\n\n\n\n<p>El curso abarcar\u00e1 los siguientes temas y acciones: atacar heridas y hemorragias, fracturas, movimiento y traslado del lesionado, la maniobra de Heimlich o atragantamiento y el RCP.<\/p>\n\n\n\n<p>Requisitos para inscribirse: de preferencia ser mayor de edad, credencial del INE, CURP, RFC. El cupo limitado a 60 personas, en caso de rebasar esta cantidad, se programar\u00e1 un nuevo curso. Se entregar\u00e1 un certificado de participaci\u00f3n en este curso.<\/p>\n","protected":false},"excerpt":{"rendered":"<p>Por: Staff | #NuevoLaredo #Tamaulipas Nuevo Laredo, Tamaulipas.- La Direcci\u00f3n de Protecci\u00f3n Civil y Bomberos, realizaran un curso gratuito de Primeros Auxilios para el p\u00fablico en general. Dicho curso se realizar\u00e1 en las instalaciones de Protecci\u00f3n Civil (PC) ubicadas en H\u00e9roe de Nacataz y Morelos este pr\u00f3ximo 23 de marzo, con el objetivo de estar [&hellip;]<\/p>\n","protected":false},"author":1,"featured_media":6486,"comment_status":"open","ping_status":"open","sticky":false,"template":"","format":"standard","meta":{"footnotes":""},"categories":[31],"tags":[],"class_list":{"0":"post-6485","1":"post","2":"type-post","3":"status-publish","4":"format-standard","5":"has-post-thumbnail","7":"category-nuevo-laredo"},"amp_enabled":true,"_links":{"self":[{"href":"https:\/\/luisvaltierranoticias.com\/index.php?rest_route=\/wp\/v2\/posts\/6485","targetHints":{"allow":["GET"]}}],"collection":[{"href":"https:\/\/luisvaltierranoticias.com\/index.php?rest_route=\/wp\/v2\/posts"}],"about":[{"href":"https:\/\/luisvaltierranoticias.com\/index.php?rest_route=\/wp\/v2\/types\/post"}],"author":[{"embeddable":true,"href":"https:\/\/luisvaltierranoticias.com\/index.php?rest_route=\/wp\/v2\/users\/1"}],"replies":[{"embeddable":true,"href":"https:\/\/luisvaltierranoticias.com\/index.php?rest_route=%2Fwp%2Fv2%2Fcomments&post=6485"}],"version-history":[{"count":1,"href":"https:\/\/luisvaltierranoticias.com\/index.php?rest_route=\/wp\/v2\/posts\/6485\/revisions"}],"predecessor-version":[{"id":6487,"href":"https:\/\/luisvaltierranoticias.com\/index.php?rest_route=\/wp\/v2\/posts\/6485\/revisions\/6487"}],"wp:featuredmedia":[{"embeddable":true,"href":"https:\/\/luisvaltierranoticias.com\/index.php?rest_route=\/wp\/v2\/media\/6486"}],"wp:attachment":[{"href":"https:\/\/luisvaltierranoticias.com\/index.php?rest_route=%2Fwp%2Fv2%2Fmedia&parent=6485"}],"wp:term":[{"taxonomy":"category","embeddable":true,"href":"https:\/\/luisvaltierranoticias.com\/index.php?rest_route=%2Fwp%2Fv2%2Fcategories&post=6485"},{"taxonomy":"post_tag","embeddable":true,"href":"https:\/\/luisvaltierranoticias.com\/index.php?rest_route=%2Fwp%2Fv2%2Ftags&post=6485"}],"curies":[{"name":"wp","href":"https:\/\/api.w.org\/{rel}","templated":true}]}}