{"id":6482,"date":"2024-03-19T14:30:52","date_gmt":"2024-03-19T19:30:52","guid":{"rendered":"https:\/\/luisvaltierranoticias.com\/?p=6482"},"modified":"2024-03-19T14:30:56","modified_gmt":"2024-03-19T19:30:56","slug":"realizan-exposicion-fronteriza-dentro-del-mes-de-la-mujer","status":"publish","type":"post","link":"https:\/\/luisvaltierranoticias.com\/?p=6482","title":{"rendered":"REALIZAN EXPOSICI\u00d3N FRONTERIZA DENTRO DEL MES DE LA MUJER"},"content":{"rendered":"\n<p>Por: Staff | #NuevoLaredo #Tamaulipas<\/p>\n\n\n\n<p>Nuevo Laredo, Tamaulipas.- Con motivo del D\u00eda Internacional de la Mujer se encuentra la exposici\u00f3n \u201cFronteriza\u201d.<\/p>\n\n\n\n<p>Un total de 28 mujeres de los Dos Laredos que son artistas pl\u00e1sticas est\u00e1n exponiendo alrededor de 40 obras, son de diferentes t\u00e9cnicas entre \u00f3leo, acr\u00edlico y acuarela, tambi\u00e9n exponen esculturas y fotograf\u00edas.<\/p>\n\n\n\n<p>A trav\u00e9s de las obras las artistas muestran su visi\u00f3n en el mundo, as\u00ed como representar a la mujer fronteriza, las obras se encuentran en la galer\u00eda del Centro Cultural y estar\u00e1 durante dos meses, la ciudadan\u00eda puede acudir de martes a domingo de 10:00 de la ma\u00f1ana a 8:00 de la noche.<\/p>\n\n\n\n<p>Ha sido importante establecer v\u00ednculos con las artistas de Laredo, Texas y se haga sinergia entre artistas de ambos Laredos, este mes y todos los d\u00edas se deben reforzar acciones para que las mujeres tengan m\u00e1s espacios para desarrollarse.<\/p>\n","protected":false},"excerpt":{"rendered":"<p>Por: Staff | #NuevoLaredo #Tamaulipas Nuevo Laredo, Tamaulipas.- Con motivo del D\u00eda Internacional de la Mujer se encuentra la exposici\u00f3n \u201cFronteriza\u201d. Un total de 28 mujeres de los Dos Laredos que son artistas pl\u00e1sticas est\u00e1n exponiendo alrededor de 40 obras, son de diferentes t\u00e9cnicas entre \u00f3leo, acr\u00edlico y acuarela, tambi\u00e9n exponen esculturas y fotograf\u00edas. A [&hellip;]<\/p>\n","protected":false},"author":1,"featured_media":6483,"comment_status":"open","ping_status":"open","sticky":false,"template":"","format":"standard","meta":{"footnotes":""},"categories":[31],"tags":[],"class_list":{"0":"post-6482","1":"post","2":"type-post","3":"status-publish","4":"format-standard","5":"has-post-thumbnail","7":"category-nuevo-laredo"},"amp_enabled":true,"_links":{"self":[{"href":"https:\/\/luisvaltierranoticias.com\/index.php?rest_route=\/wp\/v2\/posts\/6482","targetHints":{"allow":["GET"]}}],"collection":[{"href":"https:\/\/luisvaltierranoticias.com\/index.php?rest_route=\/wp\/v2\/posts"}],"about":[{"href":"https:\/\/luisvaltierranoticias.com\/index.php?rest_route=\/wp\/v2\/types\/post"}],"author":[{"embeddable":true,"href":"https:\/\/luisvaltierranoticias.com\/index.php?rest_route=\/wp\/v2\/users\/1"}],"replies":[{"embeddable":true,"href":"https:\/\/luisvaltierranoticias.com\/index.php?rest_route=%2Fwp%2Fv2%2Fcomments&post=6482"}],"version-history":[{"count":1,"href":"https:\/\/luisvaltierranoticias.com\/index.php?rest_route=\/wp\/v2\/posts\/6482\/revisions"}],"predecessor-version":[{"id":6484,"href":"https:\/\/luisvaltierranoticias.com\/index.php?rest_route=\/wp\/v2\/posts\/6482\/revisions\/6484"}],"wp:featuredmedia":[{"embeddable":true,"href":"https:\/\/luisvaltierranoticias.com\/index.php?rest_route=\/wp\/v2\/media\/6483"}],"wp:attachment":[{"href":"https:\/\/luisvaltierranoticias.com\/index.php?rest_route=%2Fwp%2Fv2%2Fmedia&parent=6482"}],"wp:term":[{"taxonomy":"category","embeddable":true,"href":"https:\/\/luisvaltierranoticias.com\/index.php?rest_route=%2Fwp%2Fv2%2Fcategories&post=6482"},{"taxonomy":"post_tag","embeddable":true,"href":"https:\/\/luisvaltierranoticias.com\/index.php?rest_route=%2Fwp%2Fv2%2Ftags&post=6482"}],"curies":[{"name":"wp","href":"https:\/\/api.w.org\/{rel}","templated":true}]}}